{"id":459,"date":"2018-01-21T18:57:33","date_gmt":"2018-01-21T16:57:33","guid":{"rendered":"http:\/\/www.real.edu.ee\/ajaveeb\/133b\/?p=459"},"modified":"2018-01-21T18:57:33","modified_gmt":"2018-01-21T16:57:33","slug":"reis-sagadi-ja-palmse-moisa-ehk-uks-hilinenud-uurimistoo-tegemise-opetus","status":"publish","type":"post","link":"https:\/\/www.real.edu.ee\/ajaveeb\/133b\/2018\/01\/21\/reis-sagadi-ja-palmse-moisa-ehk-uks-hilinenud-uurimistoo-tegemise-opetus\/","title":{"rendered":"Reis Sagadi ja Palmse m\u00f5isa ehk \u00fcks hilinenud uurimist\u00f6\u00f6 tegemise \u00f5petus"},"content":{"rendered":"<p>18. jaanuaril otsustas meie geograafia\u00f5petaja Piret Karu meid koolist \u00e4ra saata. M\u00f5isa. Miks, k\u00fcsite? Ega meie ka t\u00e4pselt ei teadnud. Aga Ketlin, kes seal oma 11. klassiga enne vahetusaastat k\u00e4is, teadis r\u00e4\u00e4kida, et seal toimuvat mingi looduskool ja meie kohkunud n\u00e4gude peale k\u00fcsis: &#8220;Kas te k\u00e4isite 11. klassis?&#8221; -&#8220;Eeeee&#8230;. jaaa?&#8221; Tegelikult tuli v\u00e4lja, et see tore retk oleks tulnud meil aasta aega tagasi ette v\u00f5tta, kui uurimist\u00f6\u00f6de vorpimine k\u00e4sil, kuid siis j\u00e4i see mingil teadmata p\u00f5hjusel \u00e4ra.<\/p>\n<p>V\u00f5ileivad bussis ja soojad riided absoluutselt iga \u00f5petaja soovituste kohaselt seljas, alustasime hommikul kell 8.00 v\u00e4ljas\u00f5itu. Kohale j\u00f5udes tervitas meid imeilus maastik ja lummav p\u00e4ikeset\u00f5us, kuid kogu p\u00e4ev kahjuks nii maagiliselt ei kulgenud. Loodusklassi j\u00f5udes avastasime, et meie juhendaja on \u00fcsna karmik\u00e4eline ning meie naljad talle eriti peale ei l\u00e4inud. K\u00fcll aga saime t\u00e4nu talle teada nii mitmeidki toredaid fakte uurimuste tegemisest, millest oleks ajamasina olemasolul v\u00e4ga palju kasu olnud (kindlasti ka head teadmised \u00fclikooli\u00f5pinguteks). Siis saime umbes poolteist tundi ise erinevaid m\u00f5\u00f5tmisi nii \u00f5ues kui toas l\u00e4bi viia. M\u00f5ni m\u00f5\u00f5tmine oli lihtsam kui teine: lehtpuude tuvastamine talvel pole k\u00f5ige toredam t\u00f6\u00f6, sest kasutades loogikat, et millised lehed puu all on, seda liiki puu ka on, v\u00e4ga vettpidav ei olnud, arvestades seda, et vahtralehti leidus ka pisikeste p\u00f5\u00f5saste peal ja all&#8230; Niisiis tuli aja pealesurumise t\u00f5ttu kasutada nii m\u00f5neski m\u00f5\u00f5tmises oma loogikat ja, noh, m\u00f5nikord ka loomingulisust.<\/p>\n<p>Hiljem kogus meie kannatlik juhendaja k\u00f5ik m\u00f5\u00f5tmistulemused enda k\u00e4tte ning jaotas need teemadesse, iga 3-liikmeline r\u00fchm sai \u00fchte t\u00fc\u00fcpi m\u00f5\u00f5tmistulemused ja pidi sellest siis moodustama uurimisk\u00fcsimused, vormistama tulemused ja s\u00f5nastama j\u00e4reldused. Olgem ausad, meie jaoks polnud see \u00fclesanne meeldivaim, sest uurimist\u00f6\u00f6 koostamisest tekkinud haavad pole veel t\u00e4ielikult kadunud. \u00d5nneks suutis Sten oma v\u00e4ga asjakohaste ja vajalike k\u00fcsimustega meeleolu positiivsena hoida, nagu \u00fchele v\u00e4ga targale poisile kombeks (vt eelmist postitust).<\/p>\n<p>P\u00e4rast oma mini-uurimist\u00f6\u00f6de kaitsmist s\u00f5itsime Palmse m\u00f5isa, kuhu \u00f5petaja Karu oli meile korraldanud toreda slaidiseanssi, mis tutvustas Lahemaa loodust, ning l\u00f5busa rists\u00f5na, mille k\u00e4igus saime teada hulganisti toredaid fakte. Sellega l\u00f5ppes meie tegevusterikas p\u00e4ev L\u00e4\u00e4ne-Virumaal.<\/p>\n<p><a href=\"http:\/\/www.real.edu.ee\/ajaveeb\/133b\/files\/2018\/01\/IMG_0924.jpg\"><img loading=\"lazy\" decoding=\"async\" class=\"alignnone size-medium wp-image-461\" src=\"http:\/\/www.real.edu.ee\/ajaveeb\/133b\/files\/2018\/01\/IMG_0924-300x225.jpg\" alt=\"\" width=\"300\" height=\"225\" srcset=\"https:\/\/www.real.edu.ee\/ajaveeb\/133b\/files\/2018\/01\/IMG_0924-300x225.jpg 300w, https:\/\/www.real.edu.ee\/ajaveeb\/133b\/files\/2018\/01\/IMG_0924.jpg 640w\" sizes=\"auto, (max-width: 300px) 100vw, 300px\" \/><\/a><\/p>\n<p>Mis v\u00f5i kes on pildil?*<\/p>\n<p><a href=\"http:\/\/www.real.edu.ee\/ajaveeb\/133b\/files\/2018\/01\/27018165_1817371804973967_1403003399_o.jpg\"><img loading=\"lazy\" decoding=\"async\" class=\"alignnone size-medium wp-image-488\" src=\"http:\/\/www.real.edu.ee\/ajaveeb\/133b\/files\/2018\/01\/27018165_1817371804973967_1403003399_o-169x300.jpg\" alt=\"\" width=\"169\" height=\"300\" srcset=\"https:\/\/www.real.edu.ee\/ajaveeb\/133b\/files\/2018\/01\/27018165_1817371804973967_1403003399_o-169x300.jpg 169w, https:\/\/www.real.edu.ee\/ajaveeb\/133b\/files\/2018\/01\/27018165_1817371804973967_1403003399_o-576x1024.jpg 576w, https:\/\/www.real.edu.ee\/ajaveeb\/133b\/files\/2018\/01\/27018165_1817371804973967_1403003399_o.jpg 720w\" sizes=\"auto, (max-width: 169px) 100vw, 169px\" \/><\/a> <a href=\"http:\/\/www.real.edu.ee\/ajaveeb\/133b\/files\/2018\/01\/27140508_1817371808307300_1992528536_o.jpg\"><img loading=\"lazy\" decoding=\"async\" class=\"alignnone size-medium wp-image-487\" src=\"http:\/\/www.real.edu.ee\/ajaveeb\/133b\/files\/2018\/01\/27140508_1817371808307300_1992528536_o-169x300.jpg\" alt=\"\" width=\"169\" height=\"300\" srcset=\"https:\/\/www.real.edu.ee\/ajaveeb\/133b\/files\/2018\/01\/27140508_1817371808307300_1992528536_o-169x300.jpg 169w, https:\/\/www.real.edu.ee\/ajaveeb\/133b\/files\/2018\/01\/27140508_1817371808307300_1992528536_o-576x1024.jpg 576w, https:\/\/www.real.edu.ee\/ajaveeb\/133b\/files\/2018\/01\/27140508_1817371808307300_1992528536_o.jpg 720w\" sizes=\"auto, (max-width: 169px) 100vw, 169px\" \/><\/a><\/p>\n<p>Teisi v\u00f5ttis p\u00e4ris h\u00e4sti meie p\u00e4eva kokku&#8230;<\/p>\n<p><img loading=\"lazy\" decoding=\"async\" class=\"alignnone size-medium wp-image-481\" src=\"http:\/\/www.real.edu.ee\/ajaveeb\/133b\/files\/2018\/01\/IMG_0959-300x225.jpg\" alt=\"\" width=\"300\" height=\"225\" srcset=\"https:\/\/www.real.edu.ee\/ajaveeb\/133b\/files\/2018\/01\/IMG_0959-300x225.jpg 300w, https:\/\/www.real.edu.ee\/ajaveeb\/133b\/files\/2018\/01\/IMG_0959.jpg 640w\" sizes=\"auto, (max-width: 300px) 100vw, 300px\" \/><\/p>\n<p>Fotot\u00f5estus \u00f5petajatele, et me tegelikult tegime t\u00f6\u00f6d ka<\/p>\n<p><a href=\"http:\/\/www.real.edu.ee\/ajaveeb\/133b\/files\/2018\/01\/IMG_0967.jpg\"><img loading=\"lazy\" decoding=\"async\" class=\"alignnone size-medium wp-image-486\" src=\"http:\/\/www.real.edu.ee\/ajaveeb\/133b\/files\/2018\/01\/IMG_0967-300x225.jpg\" alt=\"\" width=\"300\" height=\"225\" srcset=\"https:\/\/www.real.edu.ee\/ajaveeb\/133b\/files\/2018\/01\/IMG_0967-300x225.jpg 300w, https:\/\/www.real.edu.ee\/ajaveeb\/133b\/files\/2018\/01\/IMG_0967.jpg 640w\" sizes=\"auto, (max-width: 300px) 100vw, 300px\" \/><\/a> <a href=\"http:\/\/www.real.edu.ee\/ajaveeb\/133b\/files\/2018\/01\/IMG_0966.jpg\"><img loading=\"lazy\" decoding=\"async\" class=\"alignnone size-medium wp-image-485\" src=\"http:\/\/www.real.edu.ee\/ajaveeb\/133b\/files\/2018\/01\/IMG_0966-300x225.jpg\" alt=\"\" width=\"300\" height=\"225\" srcset=\"https:\/\/www.real.edu.ee\/ajaveeb\/133b\/files\/2018\/01\/IMG_0966-300x225.jpg 300w, https:\/\/www.real.edu.ee\/ajaveeb\/133b\/files\/2018\/01\/IMG_0966.jpg 640w\" sizes=\"auto, (max-width: 300px) 100vw, 300px\" \/><\/a><\/p>\n<p>Tore daam Palmses soovitas meie slaidiseansile venekeelseid subtiitreid. Jumal t\u00e4natud, nendeta poleks me eales mitte midagi aru saanud!<\/p>\n<p><a href=\"http:\/\/www.real.edu.ee\/ajaveeb\/133b\/files\/2018\/01\/IMG_0957.jpg\"><img loading=\"lazy\" decoding=\"async\" class=\"alignnone size-medium wp-image-480\" src=\"http:\/\/www.real.edu.ee\/ajaveeb\/133b\/files\/2018\/01\/IMG_0957-300x225.jpg\" alt=\"\" width=\"300\" height=\"225\" srcset=\"https:\/\/www.real.edu.ee\/ajaveeb\/133b\/files\/2018\/01\/IMG_0957-300x225.jpg 300w, https:\/\/www.real.edu.ee\/ajaveeb\/133b\/files\/2018\/01\/IMG_0957.jpg 640w\" sizes=\"auto, (max-width: 300px) 100vw, 300px\" \/><\/a><\/p>\n<p>133B-l paluti ajaveebi jaoks klassist palju pilte teha. Jana tegi pilte kassist&#8230;<\/p>\n<p><a href=\"http:\/\/www.real.edu.ee\/ajaveeb\/133b\/files\/2018\/01\/IMG_0954.jpg\"><img loading=\"lazy\" decoding=\"async\" class=\"alignnone size-medium wp-image-479\" src=\"http:\/\/www.real.edu.ee\/ajaveeb\/133b\/files\/2018\/01\/IMG_0954-300x225.jpg\" alt=\"\" width=\"300\" height=\"225\" srcset=\"https:\/\/www.real.edu.ee\/ajaveeb\/133b\/files\/2018\/01\/IMG_0954-300x225.jpg 300w, https:\/\/www.real.edu.ee\/ajaveeb\/133b\/files\/2018\/01\/IMG_0954.jpg 640w\" sizes=\"auto, (max-width: 300px) 100vw, 300px\" \/><\/a><\/p>\n<p>Inseneeria tippsaavutus&#8230; Kellele seda \u00fclikooli vaja ongi?<\/p>\n<p><a href=\"http:\/\/www.real.edu.ee\/ajaveeb\/133b\/files\/2018\/01\/IMG_0951.jpg\"><img loading=\"lazy\" decoding=\"async\" class=\"alignnone size-medium wp-image-478\" src=\"http:\/\/www.real.edu.ee\/ajaveeb\/133b\/files\/2018\/01\/IMG_0951-300x225.jpg\" alt=\"\" width=\"300\" height=\"225\" srcset=\"https:\/\/www.real.edu.ee\/ajaveeb\/133b\/files\/2018\/01\/IMG_0951-300x225.jpg 300w, https:\/\/www.real.edu.ee\/ajaveeb\/133b\/files\/2018\/01\/IMG_0951.jpg 640w\" sizes=\"auto, (max-width: 300px) 100vw, 300px\" \/><\/a><\/p>\n<p>K\u00f5ige toredam m\u00f5\u00f5tmis\u00fclesanne oli see, kui pidime k\u00f5ndima puust nii kaugele, et jalgade vahelt vaadates on n\u00e4ha puu latva.<\/p>\n<p><a href=\"http:\/\/www.real.edu.ee\/ajaveeb\/133b\/files\/2018\/01\/IMG_0945.jpg\"><img loading=\"lazy\" decoding=\"async\" class=\"alignnone size-medium wp-image-473\" src=\"http:\/\/www.real.edu.ee\/ajaveeb\/133b\/files\/2018\/01\/IMG_0945-300x225.jpg\" alt=\"\" width=\"300\" height=\"225\" srcset=\"https:\/\/www.real.edu.ee\/ajaveeb\/133b\/files\/2018\/01\/IMG_0945-300x225.jpg 300w, https:\/\/www.real.edu.ee\/ajaveeb\/133b\/files\/2018\/01\/IMG_0945.jpg 640w\" sizes=\"auto, (max-width: 300px) 100vw, 300px\" \/><\/a> <a href=\"http:\/\/www.real.edu.ee\/ajaveeb\/133b\/files\/2018\/01\/IMG_0944.jpg\"><img loading=\"lazy\" decoding=\"async\" class=\"alignnone size-medium wp-image-472\" src=\"http:\/\/www.real.edu.ee\/ajaveeb\/133b\/files\/2018\/01\/IMG_0944-300x225.jpg\" alt=\"\" width=\"300\" height=\"225\" srcset=\"https:\/\/www.real.edu.ee\/ajaveeb\/133b\/files\/2018\/01\/IMG_0944-300x225.jpg 300w, https:\/\/www.real.edu.ee\/ajaveeb\/133b\/files\/2018\/01\/IMG_0944.jpg 640w\" sizes=\"auto, (max-width: 300px) 100vw, 300px\" \/><\/a> <a href=\"http:\/\/www.real.edu.ee\/ajaveeb\/133b\/files\/2018\/01\/IMG_0942.jpg\"><br \/>\n<\/a><\/p>\n<p>P\u00e4riselt oli ka ilus!<\/p>\n<p><a href=\"http:\/\/www.real.edu.ee\/ajaveeb\/133b\/files\/2018\/01\/IMG_0938.jpg\"><img loading=\"lazy\" decoding=\"async\" class=\"alignnone size-medium wp-image-468\" src=\"http:\/\/www.real.edu.ee\/ajaveeb\/133b\/files\/2018\/01\/IMG_0938-300x225.jpg\" alt=\"\" width=\"300\" height=\"225\" srcset=\"https:\/\/www.real.edu.ee\/ajaveeb\/133b\/files\/2018\/01\/IMG_0938-300x225.jpg 300w, https:\/\/www.real.edu.ee\/ajaveeb\/133b\/files\/2018\/01\/IMG_0938.jpg 640w\" sizes=\"auto, (max-width: 300px) 100vw, 300px\" \/><\/a><\/p>\n<p>Teate seda tunnet, kui teil on \u00f5un peas kinni, verd purskab, ja siis tekib k\u00fcsimus? Jah, meie ka mitte&#8230;<\/p>\n<p><a href=\"http:\/\/www.real.edu.ee\/ajaveeb\/133b\/files\/2018\/01\/IMG_0927.jpg\"><img loading=\"lazy\" decoding=\"async\" class=\"alignnone size-medium wp-image-463\" src=\"http:\/\/www.real.edu.ee\/ajaveeb\/133b\/files\/2018\/01\/IMG_0927-300x225.jpg\" alt=\"\" width=\"300\" height=\"225\" srcset=\"https:\/\/www.real.edu.ee\/ajaveeb\/133b\/files\/2018\/01\/IMG_0927-300x225.jpg 300w, https:\/\/www.real.edu.ee\/ajaveeb\/133b\/files\/2018\/01\/IMG_0927.jpg 640w\" sizes=\"auto, (max-width: 300px) 100vw, 300px\" \/><\/a> <a href=\"http:\/\/www.real.edu.ee\/ajaveeb\/133b\/files\/2018\/01\/IMG_0925.jpg\"><img loading=\"lazy\" decoding=\"async\" class=\"alignnone size-medium wp-image-462\" src=\"http:\/\/www.real.edu.ee\/ajaveeb\/133b\/files\/2018\/01\/IMG_0925-300x225.jpg\" alt=\"\" width=\"300\" height=\"225\" srcset=\"https:\/\/www.real.edu.ee\/ajaveeb\/133b\/files\/2018\/01\/IMG_0925-300x225.jpg 300w, https:\/\/www.real.edu.ee\/ajaveeb\/133b\/files\/2018\/01\/IMG_0925.jpg 640w\" sizes=\"auto, (max-width: 300px) 100vw, 300px\" \/><\/a><\/p>\n<p>L\u00f5petame positiivse algusega ehk esimesed kaadrid hommikuuimasest Sagadist<\/p>\n<p>&nbsp;<\/p>\n<p>&nbsp;<\/p>\n<p>*Vastus: \u00f5petajate soovituste kohaselt end v\u00e4ga soojalt riidesse pannud Kristina<\/p>\n","protected":false},"excerpt":{"rendered":"<p>18. jaanuaril otsustas meie geograafia\u00f5petaja Piret Karu meid koolist \u00e4ra saata. M\u00f5isa. Miks, k\u00fcsite? Ega meie ka t\u00e4pselt ei teadnud. Aga Ketlin, kes seal oma 11. klassiga enne vahetusaastat k\u00e4is, teadis r\u00e4\u00e4kida, et seal toimuvat mingi looduskool ja meie kohkunud n\u00e4gude peale k\u00fcsis: &#8220;Kas te k\u00e4isite 11. klassis?&#8221; -&#8220;Eeeee&#8230;. jaaa?&#8221; Tegelikult tuli v\u00e4lja, et see [&hellip;]<\/p>\n","protected":false},"author":105,"featured_media":0,"comment_status":"closed","ping_status":"open","sticky":false,"template":"","format":"standard","meta":{"footnotes":""},"categories":[4],"tags":[],"class_list":["post-459","post","type-post","status-publish","format-standard","hentry","category-12kl"],"_links":{"self":[{"href":"https:\/\/www.real.edu.ee\/ajaveeb\/133b\/wp-json\/wp\/v2\/posts\/459","targetHints":{"allow":["GET"]}}],"collection":[{"href":"https:\/\/www.real.edu.ee\/ajaveeb\/133b\/wp-json\/wp\/v2\/posts"}],"about":[{"href":"https:\/\/www.real.edu.ee\/ajaveeb\/133b\/wp-json\/wp\/v2\/types\/post"}],"author":[{"embeddable":true,"href":"https:\/\/www.real.edu.ee\/ajaveeb\/133b\/wp-json\/wp\/v2\/users\/105"}],"replies":[{"embeddable":true,"href":"https:\/\/www.real.edu.ee\/ajaveeb\/133b\/wp-json\/wp\/v2\/comments?post=459"}],"version-history":[{"count":4,"href":"https:\/\/www.real.edu.ee\/ajaveeb\/133b\/wp-json\/wp\/v2\/posts\/459\/revisions"}],"predecessor-version":[{"id":492,"href":"https:\/\/www.real.edu.ee\/ajaveeb\/133b\/wp-json\/wp\/v2\/posts\/459\/revisions\/492"}],"wp:attachment":[{"href":"https:\/\/www.real.edu.ee\/ajaveeb\/133b\/wp-json\/wp\/v2\/media?parent=459"}],"wp:term":[{"taxonomy":"category","embeddable":true,"href":"https:\/\/www.real.edu.ee\/ajaveeb\/133b\/wp-json\/wp\/v2\/categories?post=459"},{"taxonomy":"post_tag","embeddable":true,"href":"https:\/\/www.real.edu.ee\/ajaveeb\/133b\/wp-json\/wp\/v2\/tags?post=459"}],"curies":[{"name":"wp","href":"https:\/\/api.w.org\/{rel}","templated":true}]}}