{"id":184,"date":"2017-12-04T07:51:33","date_gmt":"2017-12-04T05:51:33","guid":{"rendered":"http:\/\/www.real.edu.ee\/ajaveeb\/133b\/?p=184"},"modified":"2017-12-04T18:18:17","modified_gmt":"2017-12-04T16:18:17","slug":"noukogude-aja-eesti-kunst-kumus-ehk-me-saime-hiigelliftiga-soita","status":"publish","type":"post","link":"https:\/\/www.real.edu.ee\/ajaveeb\/133b\/2017\/12\/04\/noukogude-aja-eesti-kunst-kumus-ehk-me-saime-hiigelliftiga-soita\/","title":{"rendered":"N\u00f5ukogude aja Eesti kunst KUMU-s ehk me saime hiigelliftiga s\u00f5ita"},"content":{"rendered":"<ol start=\"29\">\n<li><span style=\"font-weight: 400\"> novembril k\u00fclastasime KUMU n\u00e4itust N\u00f5ukogude Eesti kunstist. Siin m\u00f5ned pildid ja paar lauset meie k\u00fclastusest.<\/span><\/li>\n<\/ol>\n<p><span style=\"font-weight: 400\">N\u00e4ituseelsed emotsioonid lifti oodates:<\/span><\/p>\n<p><a href=\"http:\/\/www.real.edu.ee\/ajaveeb\/133b\/files\/2017\/12\/Screen-Shot-2017-12-04-at-07.39.39.png\"><img loading=\"lazy\" decoding=\"async\" class=\"alignnone size-medium wp-image-190\" src=\"http:\/\/www.real.edu.ee\/ajaveeb\/133b\/files\/2017\/12\/Screen-Shot-2017-12-04-at-07.39.39-300x225.png\" alt=\"\" width=\"300\" height=\"225\" srcset=\"https:\/\/www.real.edu.ee\/ajaveeb\/133b\/files\/2017\/12\/Screen-Shot-2017-12-04-at-07.39.39-300x225.png 300w, https:\/\/www.real.edu.ee\/ajaveeb\/133b\/files\/2017\/12\/Screen-Shot-2017-12-04-at-07.39.39.png 607w\" sizes=\"auto, (max-width: 300px) 100vw, 300px\" \/><\/a><\/p>\n<p><span style=\"font-weight: 400\">Kuigi arvasime, et ega me \u00fchte lifti k\u00fcll \u00e4ra ei mahu, siis seekord eksisime \u2013 ruumi j\u00e4i \u00fcle teisegi grupi jaoks. V\u00f5ib isegi \u00f6elda, et meil oli p\u00e4ris lahedalt ruumi. Meie peale oleks saanud veel teisegi kihi inimesi \u201eladuda\u201c. Kirjade j\u00e4rgi peaks mahtuma antud lifti 122 inimest, t\u00f5en\u00e4oliselt on see arv \u00fche kihi kohta, aga mine sa tea. Lifti suurus oli niiv\u00f5rd h\u00e4mmastav, et selle \u00fcle tehti nalja, v\u00f5rreldes seda teise maailmas\u00f5ja aegse gaasikambriga\u2026:<\/span><\/p>\n<p><a href=\"http:\/\/www.real.edu.ee\/ajaveeb\/133b\/files\/2017\/12\/Screen-Shot-2017-12-04-at-07.39.50.png\"><img loading=\"lazy\" decoding=\"async\" class=\"alignnone size-medium wp-image-189\" src=\"http:\/\/www.real.edu.ee\/ajaveeb\/133b\/files\/2017\/12\/Screen-Shot-2017-12-04-at-07.39.50-226x300.png\" alt=\"\" width=\"226\" height=\"300\" srcset=\"https:\/\/www.real.edu.ee\/ajaveeb\/133b\/files\/2017\/12\/Screen-Shot-2017-12-04-at-07.39.50-226x300.png 226w, https:\/\/www.real.edu.ee\/ajaveeb\/133b\/files\/2017\/12\/Screen-Shot-2017-12-04-at-07.39.50.png 442w\" sizes=\"auto, (max-width: 226px) 100vw, 226px\" \/><\/a><\/p>\n<p><span style=\"font-weight: 400\">Kui pole saanud varem nii suure liftiga s\u00f5ita, siis ei teagi kohe, mida teha. M\u00f5ned seisid seina \u00e4\u00e4rde ritta nagu algaks mahalaskmine:<\/span><\/p>\n<p><a href=\"http:\/\/www.real.edu.ee\/ajaveeb\/133b\/files\/2017\/12\/Screen-Shot-2017-12-04-at-07.40.03.png\"><img loading=\"lazy\" decoding=\"async\" class=\"alignnone size-medium wp-image-188\" src=\"http:\/\/www.real.edu.ee\/ajaveeb\/133b\/files\/2017\/12\/Screen-Shot-2017-12-04-at-07.40.03-224x300.png\" alt=\"\" width=\"224\" height=\"300\" srcset=\"https:\/\/www.real.edu.ee\/ajaveeb\/133b\/files\/2017\/12\/Screen-Shot-2017-12-04-at-07.40.03-224x300.png 224w, https:\/\/www.real.edu.ee\/ajaveeb\/133b\/files\/2017\/12\/Screen-Shot-2017-12-04-at-07.40.03.png 367w\" sizes=\"auto, (max-width: 224px) 100vw, 224px\" \/><\/a><\/p>\n<p><span style=\"font-weight: 400\">Meie ringk\u00e4ik j\u00e4tkus peale meeldej\u00e4\u00e4vat liftis\u00f5itu kiire ajaloolise \u00fclevaatega n\u00f5ukogude ajast ning seej\u00e4rel suundusimegi n\u00e4itusele. Kohe alguses v\u00f5tsid meid vastu plakatid, sotsialistlikud plakatid:<\/span><\/p>\n<p><a href=\"http:\/\/www.real.edu.ee\/ajaveeb\/133b\/files\/2017\/12\/Screen-Shot-2017-12-04-at-07.40.11.png\"><img loading=\"lazy\" decoding=\"async\" class=\"alignnone size-medium wp-image-187\" src=\"http:\/\/www.real.edu.ee\/ajaveeb\/133b\/files\/2017\/12\/Screen-Shot-2017-12-04-at-07.40.11-274x300.png\" alt=\"\" width=\"274\" height=\"300\" srcset=\"https:\/\/www.real.edu.ee\/ajaveeb\/133b\/files\/2017\/12\/Screen-Shot-2017-12-04-at-07.40.11-274x300.png 274w, https:\/\/www.real.edu.ee\/ajaveeb\/133b\/files\/2017\/12\/Screen-Shot-2017-12-04-at-07.40.11.png 507w\" sizes=\"auto, (max-width: 274px) 100vw, 274px\" \/><\/a><\/p>\n<p><span style=\"font-weight: 400\">Pildil on n\u00e4ha meie giidi, kellele saab jagada ainult kiidus\u00f5nu. Ta r\u00e4\u00e4kis v\u00e4ga huvitavalt ning t\u00f5i erinevaid paralleele. Lisaks sellele olid temapoolsed kommentaarid v\u00e4ga h\u00e4sti koosk\u00f5las vastavate teostega. M\u00e4rkimisv\u00e4\u00e4rne on see, et meie klass avaldas arvamust ning vastas vabatahtlikult k\u00fcsimustele ja k\u00fcsis ka ise k\u00fcsimusi. See v\u00f5ib enamusele meie \u00f5petajatest, kui mitte k\u00f5igile, v\u00e4ga imestusv\u00e4\u00e4rne tunduda \u2013 tavaliselt tuleb pooleldi j\u00f5uga s\u00f5nu meie suust v\u00e4lja tirida, seda tuleb teha eriti neil, kes meile esimest korda tundi annavad.<\/span><\/p>\n<p><img loading=\"lazy\" decoding=\"async\" class=\"alignnone size-medium wp-image-186\" src=\"http:\/\/www.real.edu.ee\/ajaveeb\/133b\/files\/2017\/12\/Screen-Shot-2017-12-04-at-07.40.20-300x205.png\" alt=\"\" width=\"300\" height=\"205\" srcset=\"https:\/\/www.real.edu.ee\/ajaveeb\/133b\/files\/2017\/12\/Screen-Shot-2017-12-04-at-07.40.20-300x205.png 300w, https:\/\/www.real.edu.ee\/ajaveeb\/133b\/files\/2017\/12\/Screen-Shot-2017-12-04-at-07.40.20.png 584w\" sizes=\"auto, (max-width: 300px) 100vw, 300px\" \/><\/p>\n<p><span style=\"font-weight: 400\">J\u00e4rgneval pildil v\u00f5ib n\u00e4ha, et meie klass, 12.b on ilusti l\u00f5imunud oma lennukaaslastega \u2013 v\u00f5tsime endaga kaasa ka a-klassi \u00f5pilase (kellel tuvastamisega probleeme, siis giid osutab temale):<\/span><\/p>\n<p><img loading=\"lazy\" decoding=\"async\" class=\"alignnone size-medium wp-image-185\" src=\"http:\/\/www.real.edu.ee\/ajaveeb\/133b\/files\/2017\/12\/Screen-Shot-2017-12-04-at-07.40.30-300x221.png\" alt=\"\" width=\"300\" height=\"221\" srcset=\"https:\/\/www.real.edu.ee\/ajaveeb\/133b\/files\/2017\/12\/Screen-Shot-2017-12-04-at-07.40.30-300x221.png 300w, https:\/\/www.real.edu.ee\/ajaveeb\/133b\/files\/2017\/12\/Screen-Shot-2017-12-04-at-07.40.30.png 499w\" sizes=\"auto, (max-width: 300px) 100vw, 300px\" \/><\/p>\n<p><span style=\"font-weight: 400\">Giidi m\u00f5ju oli nii suur, et \u00fche teose \u00fcle algas neljal klassikaaslasel t\u00f5sine arutelu:<\/span><\/p>\n<p><a href=\"http:\/\/www.real.edu.ee\/ajaveeb\/133b\/files\/2017\/12\/Screen-Shot-2017-12-04-at-07.48.07.png\"><img loading=\"lazy\" decoding=\"async\" class=\"alignnone size-medium wp-image-191\" src=\"http:\/\/www.real.edu.ee\/ajaveeb\/133b\/files\/2017\/12\/Screen-Shot-2017-12-04-at-07.48.07-300x190.png\" alt=\"\" width=\"300\" height=\"190\" srcset=\"https:\/\/www.real.edu.ee\/ajaveeb\/133b\/files\/2017\/12\/Screen-Shot-2017-12-04-at-07.48.07-300x190.png 300w, https:\/\/www.real.edu.ee\/ajaveeb\/133b\/files\/2017\/12\/Screen-Shot-2017-12-04-at-07.48.07.png 553w\" sizes=\"auto, (max-width: 300px) 100vw, 300px\" \/><\/a><\/p>\n<p><span style=\"font-weight: 400\">Meile n\u00e4idati ka n\u00f5ukogude aja igap\u00e4evaesemeid, sealhulgas arvelauda ja universaalset klaasi, mis \u201esobib nii piima kui ka viina jaoks\u201c.<\/span><\/p>\n<p><span style=\"font-weight: 400\">Meie k\u00fclastus oli t\u00e4pselt ajas ning meeleolukas. Uuesti l\u00e4hme klassiga KUMU-sse juba 8. detsembril.<\/span><\/p>\n","protected":false},"excerpt":{"rendered":"<p>novembril k\u00fclastasime KUMU n\u00e4itust N\u00f5ukogude Eesti kunstist. Siin m\u00f5ned pildid ja paar lauset meie k\u00fclastusest. N\u00e4ituseelsed emotsioonid lifti oodates: Kuigi arvasime, et ega me \u00fchte lifti k\u00fcll \u00e4ra ei mahu, siis seekord eksisime \u2013 ruumi j\u00e4i \u00fcle teisegi grupi jaoks. V\u00f5ib isegi \u00f6elda, et meil oli p\u00e4ris lahedalt ruumi. Meie peale oleks saanud veel teisegi [&hellip;]<\/p>\n","protected":false},"author":105,"featured_media":0,"comment_status":"closed","ping_status":"open","sticky":false,"template":"","format":"standard","meta":{"footnotes":""},"categories":[4],"tags":[],"class_list":["post-184","post","type-post","status-publish","format-standard","hentry","category-12kl"],"_links":{"self":[{"href":"https:\/\/www.real.edu.ee\/ajaveeb\/133b\/wp-json\/wp\/v2\/posts\/184","targetHints":{"allow":["GET"]}}],"collection":[{"href":"https:\/\/www.real.edu.ee\/ajaveeb\/133b\/wp-json\/wp\/v2\/posts"}],"about":[{"href":"https:\/\/www.real.edu.ee\/ajaveeb\/133b\/wp-json\/wp\/v2\/types\/post"}],"author":[{"embeddable":true,"href":"https:\/\/www.real.edu.ee\/ajaveeb\/133b\/wp-json\/wp\/v2\/users\/105"}],"replies":[{"embeddable":true,"href":"https:\/\/www.real.edu.ee\/ajaveeb\/133b\/wp-json\/wp\/v2\/comments?post=184"}],"version-history":[{"count":2,"href":"https:\/\/www.real.edu.ee\/ajaveeb\/133b\/wp-json\/wp\/v2\/posts\/184\/revisions"}],"predecessor-version":[{"id":193,"href":"https:\/\/www.real.edu.ee\/ajaveeb\/133b\/wp-json\/wp\/v2\/posts\/184\/revisions\/193"}],"wp:attachment":[{"href":"https:\/\/www.real.edu.ee\/ajaveeb\/133b\/wp-json\/wp\/v2\/media?parent=184"}],"wp:term":[{"taxonomy":"category","embeddable":true,"href":"https:\/\/www.real.edu.ee\/ajaveeb\/133b\/wp-json\/wp\/v2\/categories?post=184"},{"taxonomy":"post_tag","embeddable":true,"href":"https:\/\/www.real.edu.ee\/ajaveeb\/133b\/wp-json\/wp\/v2\/tags?post=184"}],"curies":[{"name":"wp","href":"https:\/\/api.w.org\/{rel}","templated":true}]}}