{"id":101,"date":"2017-11-02T10:49:16","date_gmt":"2017-11-02T08:49:16","guid":{"rendered":"http:\/\/www.real.edu.ee\/ajaveeb\/133b\/?p=101"},"modified":"2017-11-20T22:04:33","modified_gmt":"2017-11-20T20:04:33","slug":"flo-kasearu-kunstimuuseum-ehk-pikale-veninud-reede-enne-vaheaega","status":"publish","type":"post","link":"https:\/\/www.real.edu.ee\/ajaveeb\/133b\/2017\/11\/02\/flo-kasearu-kunstimuuseum-ehk-pikale-veninud-reede-enne-vaheaega\/","title":{"rendered":"Flo Kasearu kunstimuuseum ehk pikale veninud reede enne vaheaega"},"content":{"rendered":"<p><span style=\"font-weight: 400\">Esimese perioodi viimasel p\u00e4eval ehk reedel, 20. oktoobril k\u00fclastasime klassiga kunstiajaloo tunni raames Flo Kasearu majamuuseumit Pelgulinnas. <\/span><span style=\"font-weight: 400\">Flo Kasearu on hetkel Eestis aktiivselt tegutsev kaasaegne kunstnik.<\/span><\/p>\n<p><span style=\"font-weight: 400\">Esimesena tutvustas Flo meile oma maja ajalugu ja kuidas see hoone temani j\u00f5udis ning mis viis ta majamuuseumi loomiseni. Teisena n\u00e4itas ta meile oma aeda, kuhu oli loominguliselt paigutatud mitmed tema kunstiteosed. N\u00e4iteks suur kangas, mida ta kutsus tsunaamiks, kuna sinna oli tsunami peale maalitud ja sellega oli ta teinud endale ise vaate oma koduaeda. Teisena v\u00f5is aiast leida puuotsas oleva plekist lennuki ja pintsliotsa kujuga murdunud puu. Peale selle oli aias veel Korea Aed, koos kahe k\u00fcnka ja tiigiga, kus vee puuduse t\u00f5ttu kasvasid maitsetaimed. Muidugi ei puudunud aiast ka saunamaja, kus Flo s\u00f5nul saab millalgi kunstnikuga saunas k\u00e4ia. Aias tegime ka klassiga grupipildi. Aiast edasi liiguti maja keldrisse, kus asus \u201cilusate asjade vabrik\u201d. See oli siis Flo arvamus \u00fche teise kunstniku t\u00f6\u00f6le, kelle nime ma hetkel enam ei m\u00e4leta. Peale keldrit liikusime maja teisele korrusele, kuid enne seda tutvustati meile trepi seintel olevaid joonistusi, kus kunstnik oli kujutanud oma hirme seoses majaga. Teisel korrusel oli mitmeid kunstiteoseid, k\u00f5ige rohkem j\u00e4i silma kuivanud taimede kollektsiooni, mida iga\u00fcks saab oma kodus j\u00e4rele teha. Peale seda k\u00e4isime ka \u00e4ra p\u00f6\u00f6ningul, kus oli veel kunstiteoseid ning sai ka katuseaknast v\u00e4lja vaadata. Seej\u00e4rel liikusime tagasi teisele korrusele ning n\u00e4gime ka Flo enda elamist ning k\u00f5ige l\u00f5puks sai teiselt korruselt lium\u00e4ega alla lasta, mida enamik ka proovis. Selllega l\u00f5peski meie ekskursioon ning peale seda liikus iga\u00fcks juba oma suunas vaheajale vastu. <\/span><\/p>\n<p>Suur t\u00e4nu meie kunsti\u00f5petaja Maarja Kellale, kes meile selle toreda muuseumik\u00fclastuse organiseeris ja loomulikult Flo Kasearule, kes lahkelt meie hiigelsuurt gruppi oma kodus n\u00f5us v\u00f5\u00f5rustama oli.<\/p>\n<p><a href=\"http:\/\/www.real.edu.ee\/ajaveeb\/133b\/files\/2017\/11\/IMG_0171.jpg\"><img loading=\"lazy\" decoding=\"async\" class=\"alignnone size-medium wp-image-114\" src=\"http:\/\/www.real.edu.ee\/ajaveeb\/133b\/files\/2017\/11\/IMG_0171-300x225.jpg\" alt=\"\" width=\"300\" height=\"225\" srcset=\"https:\/\/www.real.edu.ee\/ajaveeb\/133b\/files\/2017\/11\/IMG_0171-300x225.jpg 300w, https:\/\/www.real.edu.ee\/ajaveeb\/133b\/files\/2017\/11\/IMG_0171-768x576.jpg 768w, https:\/\/www.real.edu.ee\/ajaveeb\/133b\/files\/2017\/11\/IMG_0171-1024x768.jpg 1024w\" sizes=\"auto, (max-width: 300px) 100vw, 300px\" \/><\/a><\/p>\n<p>Flo enda elupaik, kuhu ta meid v\u00e4ga lahkelt lasi<\/p>\n<p><a href=\"http:\/\/www.real.edu.ee\/ajaveeb\/133b\/files\/2017\/11\/IMG_0172.jpg\"><img loading=\"lazy\" decoding=\"async\" class=\"alignnone size-medium wp-image-115\" src=\"http:\/\/www.real.edu.ee\/ajaveeb\/133b\/files\/2017\/11\/IMG_0172-300x225.jpg\" alt=\"\" width=\"300\" height=\"225\" srcset=\"https:\/\/www.real.edu.ee\/ajaveeb\/133b\/files\/2017\/11\/IMG_0172-300x225.jpg 300w, https:\/\/www.real.edu.ee\/ajaveeb\/133b\/files\/2017\/11\/IMG_0172-768x576.jpg 768w, https:\/\/www.real.edu.ee\/ajaveeb\/133b\/files\/2017\/11\/IMG_0172-1024x768.jpg 1024w\" sizes=\"auto, (max-width: 300px) 100vw, 300px\" \/><\/a><\/p>\n<p>Kaader kunstniku t\u00f6\u00f6st. Hiigelsuur Maci lauaarvuti on iseenesest nagu teos selles Pelgulinna muidu koduses ja antiigilikus majas.<\/p>\n<p><a href=\"http:\/\/www.real.edu.ee\/ajaveeb\/133b\/files\/2017\/11\/IMG_0176.jpg\"><img loading=\"lazy\" decoding=\"async\" class=\"alignnone size-medium wp-image-116\" src=\"http:\/\/www.real.edu.ee\/ajaveeb\/133b\/files\/2017\/11\/IMG_0176-300x225.jpg\" alt=\"\" width=\"300\" height=\"225\" srcset=\"https:\/\/www.real.edu.ee\/ajaveeb\/133b\/files\/2017\/11\/IMG_0176-300x225.jpg 300w, https:\/\/www.real.edu.ee\/ajaveeb\/133b\/files\/2017\/11\/IMG_0176-768x576.jpg 768w, https:\/\/www.real.edu.ee\/ajaveeb\/133b\/files\/2017\/11\/IMG_0176-1024x768.jpg 1024w\" sizes=\"auto, (max-width: 300px) 100vw, 300px\" \/><\/a><\/p>\n<p>Lihtsalt armsad kaktused<\/p>\n<p><a href=\"http:\/\/www.real.edu.ee\/ajaveeb\/133b\/files\/2017\/11\/22768420_10155638105585149_1515161410_o.jpg\"><br \/>\n<\/a> <a href=\"http:\/\/www.real.edu.ee\/ajaveeb\/133b\/files\/2017\/11\/22768489_10155638105635149_221959956_o.jpg\"><img loading=\"lazy\" decoding=\"async\" class=\"alignnone size-medium wp-image-111\" src=\"http:\/\/www.real.edu.ee\/ajaveeb\/133b\/files\/2017\/11\/22768489_10155638105635149_221959956_o-300x225.jpg\" alt=\"\" width=\"300\" height=\"225\" srcset=\"https:\/\/www.real.edu.ee\/ajaveeb\/133b\/files\/2017\/11\/22768489_10155638105635149_221959956_o-300x225.jpg 300w, https:\/\/www.real.edu.ee\/ajaveeb\/133b\/files\/2017\/11\/22768489_10155638105635149_221959956_o-768x576.jpg 768w, https:\/\/www.real.edu.ee\/ajaveeb\/133b\/files\/2017\/11\/22768489_10155638105635149_221959956_o-1024x768.jpg 1024w, https:\/\/www.real.edu.ee\/ajaveeb\/133b\/files\/2017\/11\/22768489_10155638105635149_221959956_o.jpg 1776w\" sizes=\"auto, (max-width: 300px) 100vw, 300px\" \/><\/a><\/p>\n<p>Meie klass Flo aias, hiigelm\u00e4e najal. V\u00e4ga m\u00e4rg ja k\u00fclm oli, nii et palun nautige seda pilti nii palju kui v\u00f5imalik<\/p>\n","protected":false},"excerpt":{"rendered":"<p>Esimese perioodi viimasel p\u00e4eval ehk reedel, 20. oktoobril k\u00fclastasime klassiga kunstiajaloo tunni raames Flo Kasearu majamuuseumit Pelgulinnas. Flo Kasearu on hetkel Eestis aktiivselt tegutsev kaasaegne kunstnik. Esimesena tutvustas Flo meile oma maja ajalugu ja kuidas see hoone temani j\u00f5udis ning mis viis ta majamuuseumi loomiseni. Teisena n\u00e4itas ta meile oma aeda, kuhu oli loominguliselt paigutatud [&hellip;]<\/p>\n","protected":false},"author":105,"featured_media":0,"comment_status":"closed","ping_status":"open","sticky":false,"template":"","format":"standard","meta":{"footnotes":""},"categories":[4],"tags":[],"class_list":["post-101","post","type-post","status-publish","format-standard","hentry","category-12kl"],"_links":{"self":[{"href":"https:\/\/www.real.edu.ee\/ajaveeb\/133b\/wp-json\/wp\/v2\/posts\/101","targetHints":{"allow":["GET"]}}],"collection":[{"href":"https:\/\/www.real.edu.ee\/ajaveeb\/133b\/wp-json\/wp\/v2\/posts"}],"about":[{"href":"https:\/\/www.real.edu.ee\/ajaveeb\/133b\/wp-json\/wp\/v2\/types\/post"}],"author":[{"embeddable":true,"href":"https:\/\/www.real.edu.ee\/ajaveeb\/133b\/wp-json\/wp\/v2\/users\/105"}],"replies":[{"embeddable":true,"href":"https:\/\/www.real.edu.ee\/ajaveeb\/133b\/wp-json\/wp\/v2\/comments?post=101"}],"version-history":[{"count":6,"href":"https:\/\/www.real.edu.ee\/ajaveeb\/133b\/wp-json\/wp\/v2\/posts\/101\/revisions"}],"predecessor-version":[{"id":153,"href":"https:\/\/www.real.edu.ee\/ajaveeb\/133b\/wp-json\/wp\/v2\/posts\/101\/revisions\/153"}],"wp:attachment":[{"href":"https:\/\/www.real.edu.ee\/ajaveeb\/133b\/wp-json\/wp\/v2\/media?parent=101"}],"wp:term":[{"taxonomy":"category","embeddable":true,"href":"https:\/\/www.real.edu.ee\/ajaveeb\/133b\/wp-json\/wp\/v2\/categories?post=101"},{"taxonomy":"post_tag","embeddable":true,"href":"https:\/\/www.real.edu.ee\/ajaveeb\/133b\/wp-json\/wp\/v2\/tags?post=101"}],"curies":[{"name":"wp","href":"https:\/\/api.w.org\/{rel}","templated":true}]}}