{"id":516,"date":"2017-11-28T00:25:45","date_gmt":"2017-11-27T22:25:45","guid":{"rendered":"http:\/\/www.real.edu.ee\/ajaveeb\/133a\/?p=516"},"modified":"2017-11-28T00:25:45","modified_gmt":"2017-11-27T22:25:45","slug":"reaali-poisi-90-juubelipaeva-kone","status":"publish","type":"post","link":"https:\/\/www.real.edu.ee\/ajaveeb\/133a\/2017\/11\/28\/reaali-poisi-90-juubelipaeva-kone\/","title":{"rendered":"Reaali poisi 90. Juubelip\u00e4eva k\u00f5ne"},"content":{"rendered":"<p>Tere lugupeetud kaitsev\u00e4e juhataja, direktor, koolikaaslased ja teised k\u00fclalised. Ma olen 12. klassi \u00f5pilane. See t\u00e4hendab, et olen s\u00fcndinud Eesti ajal ja elanud Eesti ajal. Minu ja paljude teiste jaoks on rahuaeg iseenesest m\u00f5istetav. Ma pole kogenud s\u00f5da ja neid \u00f5udusi, mis sellega kaasnevad. Ma ei oska isegi hoomata kui palju mul on vedanud. Sellest s\u00f5ltumata tean loetud raamatutest, vaadatud filmidest ja kuuldud lugudest, et s\u00f5da on jube. Veri voolab t\u00e4navatel, uksest v\u00e4lja astudes on k\u00f5ikjal laibad, kohtades, kus varem oli elu, valitseb surm, laastus ja h\u00e4ving. Kuid sellega vahetult silmitsi olla ? Ei, seda ma ei tea. Loodetavasti ei pea ka seda mitte kunagi teada saama.<\/p>\n<p>Oleks ma s\u00fcndinud 99 aastat varem? Aastal 1900? Sel juhul oleksin 1918. aastaks, Vabaduss\u00f5ja alguseks, sama vana kui praegu. Ma oleksin kindlalt olnud \u00fches pundis koos teiste \u00f5ppurs\u00f5duritega. Koolis oleksin klassivendade ja Anton \u00d5unapuuga laskmist harjutanud ja v\u00f5imlas rividrille ning muud sellist teinud. V\u00f5ibolla oleksin ka mina koos Harald Triegeliga leidnud end J\u00e4rve m\u00f5isast v\u00f5i Eugen Seebergiga M\u00f5niste omast. V \u00f5 i b o l l a oleks ka minu nimi praegu Tallinna Reaalkooli aulas marmortahvlile raiutud.<\/p>\n<p>Sellele on \u00f5\u00f5vastav m\u00f5elda, et minu ja Vabaduss\u00f5jas olnud poiste vahe on k\u00f5igest meie s\u00fcndimise aeg. K\u00f5ik muu oleks v\u00f5inud meil v\u00e4gagi \u00fchine olla. Oleksime ehk sama lolli nalja teinud v\u00f5i ehk samas suunas koju liikunud&#8230;<\/p>\n<p>Aga nii kord nende asjadega juba on, neid enam muuta ei saa. Seda monumenti vaadates ja neid \u00f5ppurs\u00f5dureid ja \u00f5petajaid meenutades saab vaid m\u00f5elda, et nemad pidid t\u00e4itma enda kohust, meile on j\u00e4\u00e4nud meie oma &#8211; misiganes selleks ka poleks.<\/p>\n<p>Seega t\u00e4iest s\u00fcdamest,<br \/>\nPoisid,<br \/>\nAit\u00e4h teile.<\/p>\n<p>autor: Uku Kert Paidra<\/p>\n","protected":false},"excerpt":{"rendered":"<p>Tere lugupeetud kaitsev\u00e4e juhataja, direktor, koolikaaslased ja teised k\u00fclalised. Ma olen 12. klassi \u00f5pilane. See t\u00e4hendab, et olen s\u00fcndinud Eesti ajal ja elanud Eesti ajal. Minu ja paljude teiste jaoks on rahuaeg iseenesest m\u00f5istetav. Ma pole kogenud s\u00f5da ja neid \u00f5udusi, mis sellega kaasnevad. Ma ei oska isegi hoomata kui palju mul on vedanud. Sellest [&hellip;]<\/p>\n","protected":false},"author":102,"featured_media":0,"comment_status":"closed","ping_status":"open","sticky":false,"template":"","format":"standard","meta":{"footnotes":""},"categories":[5],"tags":[],"class_list":["post-516","post","type-post","status-publish","format-standard","hentry","category-12-klass"],"_links":{"self":[{"href":"https:\/\/www.real.edu.ee\/ajaveeb\/133a\/wp-json\/wp\/v2\/posts\/516","targetHints":{"allow":["GET"]}}],"collection":[{"href":"https:\/\/www.real.edu.ee\/ajaveeb\/133a\/wp-json\/wp\/v2\/posts"}],"about":[{"href":"https:\/\/www.real.edu.ee\/ajaveeb\/133a\/wp-json\/wp\/v2\/types\/post"}],"author":[{"embeddable":true,"href":"https:\/\/www.real.edu.ee\/ajaveeb\/133a\/wp-json\/wp\/v2\/users\/102"}],"replies":[{"embeddable":true,"href":"https:\/\/www.real.edu.ee\/ajaveeb\/133a\/wp-json\/wp\/v2\/comments?post=516"}],"version-history":[{"count":1,"href":"https:\/\/www.real.edu.ee\/ajaveeb\/133a\/wp-json\/wp\/v2\/posts\/516\/revisions"}],"predecessor-version":[{"id":517,"href":"https:\/\/www.real.edu.ee\/ajaveeb\/133a\/wp-json\/wp\/v2\/posts\/516\/revisions\/517"}],"wp:attachment":[{"href":"https:\/\/www.real.edu.ee\/ajaveeb\/133a\/wp-json\/wp\/v2\/media?parent=516"}],"wp:term":[{"taxonomy":"category","embeddable":true,"href":"https:\/\/www.real.edu.ee\/ajaveeb\/133a\/wp-json\/wp\/v2\/categories?post=516"},{"taxonomy":"post_tag","embeddable":true,"href":"https:\/\/www.real.edu.ee\/ajaveeb\/133a\/wp-json\/wp\/v2\/tags?post=516"}],"curies":[{"name":"wp","href":"https:\/\/api.w.org\/{rel}","templated":true}]}}