{"id":282,"date":"2017-04-09T11:38:59","date_gmt":"2017-04-09T08:38:59","guid":{"rendered":"http:\/\/www.real.edu.ee\/ajaveeb\/133a\/?p=282"},"modified":"2017-04-09T11:38:59","modified_gmt":"2017-04-09T08:38:59","slug":"klassidevaheline-jalgpall-4-osa","status":"publish","type":"post","link":"https:\/\/www.real.edu.ee\/ajaveeb\/133a\/2017\/04\/09\/klassidevaheline-jalgpall-4-osa\/","title":{"rendered":"Klassidevaheline jalgpall 4. osa"},"content":{"rendered":"<p>Peale pikka suvepuhkust, pool aastat koolis \u00f5ppimist ja uue aasta m\u00f6\u00f6dumist on l\u00f5puks tulnud aeg alustada k\u00f5ige prestii\u017esema turniiriga klassidevahelistes v\u00f5istlustes \u2013 selleks on klassidevaheline jalgpall. Hooajaks ettevalmistumine toimus k\u00f5igil iseseisvalt, kuid kui ilmad soojemaks l\u00e4ksid, siis l\u00e4ksime ka k\u00f5ik koos peale kooli (ja tundide vahel) staadionile\u00a0 m\u00e4ngima.<\/p>\n<p><a href=\"http:\/\/www.real.edu.ee\/ajaveeb\/133a\/2017\/04\/09\/klassidevaheline-jalgpall-4-osa\/attachment\/1\/\" rel=\"attachment wp-att-283\"><img loading=\"lazy\" decoding=\"async\" class=\"alignnone wp-image-283\" src=\"http:\/\/www.real.edu.ee\/ajaveeb\/133a\/files\/2017\/04\/1-1024x576.png\" alt=\"\" width=\"600\" height=\"338\" srcset=\"https:\/\/www.real.edu.ee\/ajaveeb\/133a\/files\/2017\/04\/1-1024x576.png 1024w, https:\/\/www.real.edu.ee\/ajaveeb\/133a\/files\/2017\/04\/1-300x169.png 300w, https:\/\/www.real.edu.ee\/ajaveeb\/133a\/files\/2017\/04\/1-768x432.png 768w, https:\/\/www.real.edu.ee\/ajaveeb\/133a\/files\/2017\/04\/1.png 1208w\" sizes=\"auto, (max-width: 600px) 100vw, 600px\" \/><\/a><\/p>\n<p><a href=\"http:\/\/www.real.edu.ee\/ajaveeb\/133a\/2017\/04\/09\/klassidevaheline-jalgpall-4-osa\/attachment\/2\/\" rel=\"attachment wp-att-284\"><img loading=\"lazy\" decoding=\"async\" class=\"alignnone wp-image-284\" src=\"http:\/\/www.real.edu.ee\/ajaveeb\/133a\/files\/2017\/04\/2.png\" alt=\"\" width=\"600\" height=\"1066\" srcset=\"https:\/\/www.real.edu.ee\/ajaveeb\/133a\/files\/2017\/04\/2.png 525w, https:\/\/www.real.edu.ee\/ajaveeb\/133a\/files\/2017\/04\/2-169x300.png 169w\" sizes=\"auto, (max-width: 600px) 100vw, 600px\" \/><\/a><\/p>\n<p>Lisaks saime veel Erik M\u00e4e juhendamisel k\u00e4ia TIKis uusi v\u00e4ravaid varastamas, mis oli meile j\u00f5utreeningute eest.<\/p>\n<p><a href=\"http:\/\/www.real.edu.ee\/ajaveeb\/133a\/2017\/04\/09\/klassidevaheline-jalgpall-4-osa\/attachment\/3\/\" rel=\"attachment wp-att-285\"><img loading=\"lazy\" decoding=\"async\" class=\"alignnone wp-image-285\" src=\"http:\/\/www.real.edu.ee\/ajaveeb\/133a\/files\/2017\/04\/3-1024x576.png\" alt=\"\" width=\"600\" height=\"338\" srcset=\"https:\/\/www.real.edu.ee\/ajaveeb\/133a\/files\/2017\/04\/3-1024x576.png 1024w, https:\/\/www.real.edu.ee\/ajaveeb\/133a\/files\/2017\/04\/3-300x169.png 300w, https:\/\/www.real.edu.ee\/ajaveeb\/133a\/files\/2017\/04\/3-768x432.png 768w, https:\/\/www.real.edu.ee\/ajaveeb\/133a\/files\/2017\/04\/3.png 1208w\" sizes=\"auto, (max-width: 600px) 100vw, 600px\" \/><\/a><\/p>\n<p>Peale pikka treeningperioodi tuligi aeg ennast proovile panna. Selleaastaseks hooaja avam\u00e4nguks otsustati alustada rivaali 11C klassi vastu. M\u00f5lemad meeskonnad olid juba pool tunnikest v\u00e4ljakul soojaks teinud, kui k\u00f5las m\u00e4ngu avavile. Algus oli v\u00e4ga paljulubav, vastased andsid palju ruumi ja ohjad meie k\u00e4tte. Saime palliga palju liikuda, kuid m\u00e4ngule\u00a0 mindud taktika ei toiminud \u00fcldse. M\u00f5lema v\u00f5istkonna poolelt oli v\u00e4ga laisk ja rabe m\u00e4ngupilt. Kahjuks esimene ohtlikum moment tekkis vastastel, kui Joel \u201eDuracell\u201c Hussar p\u00e4\u00e4ses Siimu ja Markus vahelt jooksu ning tegi kaugl\u00f6\u00f6gi, mis ei tundunud ohtlik ja lendas v\u00e4rava keskele. Kahjuks siiski pall libises Aaroni n\u00e4ppude vahelt v\u00e4ravasse, seis on 0:1. J\u00e4rjekordselt kaotusseisus. Panime natuke tempot juurde, kuid olukordi otseselt ei tekkinud. Teenisime m\u00f5ned nurgal\u00f6\u00f6gid, kuid vastaseid oli igal pool vastas. Kahjuks uuesti juhtus ohtlik moment meie v\u00e4rava all, kui korvpallitalent Kristofer \u201eKr\u00e4su\u201c Veismann \u00e4\u00e4relt l\u00f6\u00f6gile sai. \u00d5nnetuseks libises seegi pall Aaronil n\u00e4ppude vahelt l\u00e4bi ja oligi seis 0:2, mis ei illustreerinud m\u00e4ngu. Markus hakkas rohkem enda peale v\u00f5tma ja suutis kaugl\u00f6\u00f6gi v\u00e4ravasse saata, tehes seisuks 1:2. Poolaja vile k\u00f5las ning l\u00e4ksime pidasime pisikese\u00a0 koosoleku. Teisel poolajal p\u00fcsis kaitse suurep\u00e4raselt, kuid r\u00fcndes oli Markusel v\u00e4ga raske, sest C klass oli tema peale pannud kaks meest. See-eest oli siiski Markusel paar korda v\u00f5imalus m\u00e4ng viigistada, kuid kahjuks seekord seda ei juhtunud ja pidime esimesest m\u00e4ngust v\u00f5tma napi kaotuse. Ait\u00e4h k\u00f5igile, kes viitsisid j\u00e4rjekordselt kaasa elada. J<\/p>\n<p>M\u00f5ned r\u00f5\u00f5sked meemid:<\/p>\n<p><a href=\"http:\/\/www.real.edu.ee\/ajaveeb\/133a\/2017\/04\/09\/klassidevaheline-jalgpall-4-osa\/attachment\/4\/\" rel=\"attachment wp-att-286\"><img loading=\"lazy\" decoding=\"async\" class=\"alignnone wp-image-286\" src=\"http:\/\/www.real.edu.ee\/ajaveeb\/133a\/files\/2017\/04\/4-576x1024.png\" alt=\"\" width=\"600\" height=\"1067\" srcset=\"https:\/\/www.real.edu.ee\/ajaveeb\/133a\/files\/2017\/04\/4-576x1024.png 576w, https:\/\/www.real.edu.ee\/ajaveeb\/133a\/files\/2017\/04\/4-169x300.png 169w, https:\/\/www.real.edu.ee\/ajaveeb\/133a\/files\/2017\/04\/4.png 720w\" sizes=\"auto, (max-width: 600px) 100vw, 600px\" \/><\/a><\/p>\n<p><a href=\"http:\/\/www.real.edu.ee\/ajaveeb\/133a\/2017\/04\/09\/klassidevaheline-jalgpall-4-osa\/attachment\/5\/\" rel=\"attachment wp-att-287\"><img loading=\"lazy\" decoding=\"async\" class=\"alignnone wp-image-287\" src=\"http:\/\/www.real.edu.ee\/ajaveeb\/133a\/files\/2017\/04\/5-576x1024.png\" alt=\"\" width=\"600\" height=\"1067\" srcset=\"https:\/\/www.real.edu.ee\/ajaveeb\/133a\/files\/2017\/04\/5-576x1024.png 576w, https:\/\/www.real.edu.ee\/ajaveeb\/133a\/files\/2017\/04\/5-169x300.png 169w, https:\/\/www.real.edu.ee\/ajaveeb\/133a\/files\/2017\/04\/5.png 720w\" sizes=\"auto, (max-width: 600px) 100vw, 600px\" \/><\/a><\/p>\n<p><a href=\"http:\/\/www.real.edu.ee\/ajaveeb\/133a\/2017\/04\/09\/klassidevaheline-jalgpall-4-osa\/attachment\/6\/\" rel=\"attachment wp-att-288\"><img loading=\"lazy\" decoding=\"async\" class=\"alignnone wp-image-288\" src=\"http:\/\/www.real.edu.ee\/ajaveeb\/133a\/files\/2017\/04\/6-576x1024.png\" alt=\"\" width=\"600\" height=\"1067\" srcset=\"https:\/\/www.real.edu.ee\/ajaveeb\/133a\/files\/2017\/04\/6-576x1024.png 576w, https:\/\/www.real.edu.ee\/ajaveeb\/133a\/files\/2017\/04\/6-169x300.png 169w, https:\/\/www.real.edu.ee\/ajaveeb\/133a\/files\/2017\/04\/6.png 720w\" sizes=\"auto, (max-width: 600px) 100vw, 600px\" \/><\/a><\/p>\n<p>autor: Markus Mikko<\/p>\n","protected":false},"excerpt":{"rendered":"<p>Peale pikka suvepuhkust, pool aastat koolis \u00f5ppimist ja uue aasta m\u00f6\u00f6dumist on l\u00f5puks tulnud aeg alustada k\u00f5ige prestii\u017esema turniiriga klassidevahelistes v\u00f5istlustes \u2013 selleks on klassidevaheline jalgpall. Hooajaks ettevalmistumine toimus k\u00f5igil iseseisvalt, kuid kui ilmad soojemaks l\u00e4ksid, siis l\u00e4ksime ka k\u00f5ik koos peale kooli (ja tundide vahel) staadionile\u00a0 m\u00e4ngima. Lisaks saime veel Erik M\u00e4e juhendamisel k\u00e4ia [&hellip;]<\/p>\n","protected":false},"author":102,"featured_media":0,"comment_status":"closed","ping_status":"open","sticky":false,"template":"","format":"standard","meta":{"footnotes":""},"categories":[4],"tags":[],"class_list":["post-282","post","type-post","status-publish","format-standard","hentry","category-11-klass"],"_links":{"self":[{"href":"https:\/\/www.real.edu.ee\/ajaveeb\/133a\/wp-json\/wp\/v2\/posts\/282","targetHints":{"allow":["GET"]}}],"collection":[{"href":"https:\/\/www.real.edu.ee\/ajaveeb\/133a\/wp-json\/wp\/v2\/posts"}],"about":[{"href":"https:\/\/www.real.edu.ee\/ajaveeb\/133a\/wp-json\/wp\/v2\/types\/post"}],"author":[{"embeddable":true,"href":"https:\/\/www.real.edu.ee\/ajaveeb\/133a\/wp-json\/wp\/v2\/users\/102"}],"replies":[{"embeddable":true,"href":"https:\/\/www.real.edu.ee\/ajaveeb\/133a\/wp-json\/wp\/v2\/comments?post=282"}],"version-history":[{"count":2,"href":"https:\/\/www.real.edu.ee\/ajaveeb\/133a\/wp-json\/wp\/v2\/posts\/282\/revisions"}],"predecessor-version":[{"id":290,"href":"https:\/\/www.real.edu.ee\/ajaveeb\/133a\/wp-json\/wp\/v2\/posts\/282\/revisions\/290"}],"wp:attachment":[{"href":"https:\/\/www.real.edu.ee\/ajaveeb\/133a\/wp-json\/wp\/v2\/media?parent=282"}],"wp:term":[{"taxonomy":"category","embeddable":true,"href":"https:\/\/www.real.edu.ee\/ajaveeb\/133a\/wp-json\/wp\/v2\/categories?post=282"},{"taxonomy":"post_tag","embeddable":true,"href":"https:\/\/www.real.edu.ee\/ajaveeb\/133a\/wp-json\/wp\/v2\/tags?post=282"}],"curies":[{"name":"wp","href":"https:\/\/api.w.org\/{rel}","templated":true}]}}