{"id":168,"date":"2016-09-10T22:51:48","date_gmt":"2016-09-10T19:51:48","guid":{"rendered":"http:\/\/www.real.edu.ee\/ajaveeb\/133a\/?p=168"},"modified":"2016-10-24T13:11:44","modified_gmt":"2016-10-24T10:11:44","slug":"esimene-september","status":"publish","type":"post","link":"https:\/\/www.real.edu.ee\/ajaveeb\/133a\/2016\/09\/10\/esimene-september\/","title":{"rendered":"Esimene september"},"content":{"rendered":"<p>P\u00e4rast pea 3 kuu pikkust vaheaega olid k\u00f5ik 133.a \u00f5pilased v\u00e4lja puhanud ning valmis \u00fcheks suurimaks katsumuseks oma senises elus-11. klass. Alustasime seda teekonda aktusega esimesel septembril. Kogunesime terve kooliperega staadionile ning kuulasime huviga direktori k\u00f5net ning uute \u00f5petajate tutvustamist. P\u00e4rast aktust staadionil kogunesime klassijuhatajatundi, kus \u00f5petaja Luuk r\u00e4\u00e4kis meile veidi eesootavast aastast ning jagas meile k\u00e4tte eelmise aasta aastaraamatud, mida me k\u00f5ik juba kaua n\u00e4ha soovisime. 1. september ei suutnud meid ette valmistada esimese perioodi\u00a0raskusteks, kuid siiski oli tore muljetada suvest klassikaaslastega, keda polnud terve suvi n\u00e4inud.<\/p>\n<p>autor: Aleksandra Lilleorg<\/p>\n<p><a href=\"http:\/\/www.real.edu.ee\/ajaveeb\/133a\/2016\/09\/10\/esimene-september\/14247696_1151734718198024_1460306148_o\/\" rel=\"attachment wp-att-169\"><img loading=\"lazy\" decoding=\"async\" class=\"alignnone wp-image-169\" src=\"http:\/\/www.real.edu.ee\/ajaveeb\/133a\/files\/2016\/09\/14247696_1151734718198024_1460306148_o-300x169.jpg\" alt=\"14247696_1151734718198024_1460306148_o\" width=\"600\" height=\"338\" srcset=\"https:\/\/www.real.edu.ee\/ajaveeb\/133a\/files\/2016\/09\/14247696_1151734718198024_1460306148_o-300x169.jpg 300w, https:\/\/www.real.edu.ee\/ajaveeb\/133a\/files\/2016\/09\/14247696_1151734718198024_1460306148_o-768x432.jpg 768w, https:\/\/www.real.edu.ee\/ajaveeb\/133a\/files\/2016\/09\/14247696_1151734718198024_1460306148_o-1024x576.jpg 1024w, https:\/\/www.real.edu.ee\/ajaveeb\/133a\/files\/2016\/09\/14247696_1151734718198024_1460306148_o.jpg 2048w\" sizes=\"auto, (max-width: 600px) 100vw, 600px\" \/><\/a><\/p>\n","protected":false},"excerpt":{"rendered":"<p>P\u00e4rast pea 3 kuu pikkust vaheaega olid k\u00f5ik 133.a \u00f5pilased v\u00e4lja puhanud ning valmis \u00fcheks suurimaks katsumuseks oma senises elus-11. klass. Alustasime seda teekonda aktusega esimesel septembril. Kogunesime terve kooliperega staadionile ning kuulasime huviga direktori k\u00f5net ning uute \u00f5petajate tutvustamist. P\u00e4rast aktust staadionil kogunesime klassijuhatajatundi, kus \u00f5petaja Luuk r\u00e4\u00e4kis meile veidi eesootavast aastast ning jagas [&hellip;]<\/p>\n","protected":false},"author":102,"featured_media":0,"comment_status":"closed","ping_status":"open","sticky":false,"template":"","format":"standard","meta":{"footnotes":""},"categories":[4],"tags":[],"class_list":["post-168","post","type-post","status-publish","format-standard","hentry","category-11-klass"],"_links":{"self":[{"href":"https:\/\/www.real.edu.ee\/ajaveeb\/133a\/wp-json\/wp\/v2\/posts\/168","targetHints":{"allow":["GET"]}}],"collection":[{"href":"https:\/\/www.real.edu.ee\/ajaveeb\/133a\/wp-json\/wp\/v2\/posts"}],"about":[{"href":"https:\/\/www.real.edu.ee\/ajaveeb\/133a\/wp-json\/wp\/v2\/types\/post"}],"author":[{"embeddable":true,"href":"https:\/\/www.real.edu.ee\/ajaveeb\/133a\/wp-json\/wp\/v2\/users\/102"}],"replies":[{"embeddable":true,"href":"https:\/\/www.real.edu.ee\/ajaveeb\/133a\/wp-json\/wp\/v2\/comments?post=168"}],"version-history":[{"count":8,"href":"https:\/\/www.real.edu.ee\/ajaveeb\/133a\/wp-json\/wp\/v2\/posts\/168\/revisions"}],"predecessor-version":[{"id":179,"href":"https:\/\/www.real.edu.ee\/ajaveeb\/133a\/wp-json\/wp\/v2\/posts\/168\/revisions\/179"}],"wp:attachment":[{"href":"https:\/\/www.real.edu.ee\/ajaveeb\/133a\/wp-json\/wp\/v2\/media?parent=168"}],"wp:term":[{"taxonomy":"category","embeddable":true,"href":"https:\/\/www.real.edu.ee\/ajaveeb\/133a\/wp-json\/wp\/v2\/categories?post=168"},{"taxonomy":"post_tag","embeddable":true,"href":"https:\/\/www.real.edu.ee\/ajaveeb\/133a\/wp-json\/wp\/v2\/tags?post=168"}],"curies":[{"name":"wp","href":"https:\/\/api.w.org\/{rel}","templated":true}]}}