{"id":61,"date":"2012-10-01T18:59:31","date_gmt":"2012-10-01T18:59:31","guid":{"rendered":"http:\/\/www.real.edu.ee\/ajaveeb\/130c\/?p=61"},"modified":"2012-10-01T18:59:31","modified_gmt":"2012-10-01T18:59:31","slug":"kooli-sunnipaev","status":"publish","type":"post","link":"https:\/\/www.real.edu.ee\/ajaveeb\/130c\/2012\/10\/01\/kooli-sunnipaev\/","title":{"rendered":"Kooli s\u00fcnnip\u00e4ev"},"content":{"rendered":"<p>T\u00e4na oli kooli s\u00fcnnip\u00e4ev. \u00d5igemini oli s\u00fcnnip\u00e4ev 29. septembril, aga t\u00e4histati t\u00e4na. \u00a0P\u00e4rast f\u00fc\u00fcsika t\u00f6\u00f6d tuli meile r\u00e4\u00e4kima Arto Aas, poliitik. Ja seej\u00e4rel suundusime staadionile direktori k\u00f5ne kuulama ja s\u00f6\u00f6ma.<\/p>\n\n\t\t<style type=\"text\/css\">\n\t\t\t#gallery-1 {\n\t\t\t\tmargin: auto;\n\t\t\t}\n\t\t\t#gallery-1 .gallery-item {\n\t\t\t\tfloat: left;\n\t\t\t\tmargin-top: 10px;\n\t\t\t\ttext-align: center;\n\t\t\t\twidth: 33%;\n\t\t\t}\n\t\t\t#gallery-1 img {\n\t\t\t\tborder: 2px solid #cfcfcf;\n\t\t\t}\n\t\t\t#gallery-1 .gallery-caption {\n\t\t\t\tmargin-left: 0;\n\t\t\t}\n\t\t\t\/* see gallery_shortcode() in wp-includes\/media.php *\/\n\t\t<\/style>\n\t\t<div id='gallery-1' class='gallery galleryid-61 gallery-columns-3 gallery-size-thumbnail'><dl class='gallery-item'>\n\t\t\t<dt class='gallery-icon landscape'>\n\t\t\t\t<a href='https:\/\/www.real.edu.ee\/ajaveeb\/130c\/files\/2012\/10\/jpg1'><img loading=\"lazy\" decoding=\"async\" width=\"150\" height=\"150\" src=\"https:\/\/www.real.edu.ee\/ajaveeb\/130c\/files\/2012\/10\/jpg1-150x150.jpg\" class=\"attachment-thumbnail size-thumbnail\" alt=\"\" \/><\/a>\n\t\t\t<\/dt><\/dl><dl class='gallery-item'>\n\t\t\t<dt class='gallery-icon landscape'>\n\t\t\t\t<a href='https:\/\/www.real.edu.ee\/ajaveeb\/130c\/files\/2012\/10\/DSC_00061.jpg'><img loading=\"lazy\" decoding=\"async\" width=\"150\" height=\"150\" src=\"https:\/\/www.real.edu.ee\/ajaveeb\/130c\/files\/2012\/10\/DSC_00061-150x150.jpg\" class=\"attachment-thumbnail size-thumbnail\" alt=\"\" \/><\/a>\n\t\t\t<\/dt><\/dl><dl class='gallery-item'>\n\t\t\t<dt class='gallery-icon portrait'>\n\t\t\t\t<a href='https:\/\/www.real.edu.ee\/ajaveeb\/130c\/files\/2012\/10\/DSC_00211.jpg'><img loading=\"lazy\" decoding=\"async\" width=\"150\" height=\"150\" src=\"https:\/\/www.real.edu.ee\/ajaveeb\/130c\/files\/2012\/10\/DSC_00211-150x150.jpg\" class=\"attachment-thumbnail size-thumbnail\" alt=\"\" \/><\/a>\n\t\t\t<\/dt><\/dl><br style=\"clear: both\" \/><dl class='gallery-item'>\n\t\t\t<dt class='gallery-icon landscape'>\n\t\t\t\t<a href='https:\/\/www.real.edu.ee\/ajaveeb\/130c\/files\/2012\/10\/DSC_0022.jpg'><img loading=\"lazy\" decoding=\"async\" width=\"150\" height=\"150\" src=\"https:\/\/www.real.edu.ee\/ajaveeb\/130c\/files\/2012\/10\/DSC_0022-150x150.jpg\" class=\"attachment-thumbnail size-thumbnail\" alt=\"\" \/><\/a>\n\t\t\t<\/dt><\/dl><dl class='gallery-item'>\n\t\t\t<dt class='gallery-icon landscape'>\n\t\t\t\t<a href='https:\/\/www.real.edu.ee\/ajaveeb\/130c\/files\/2012\/10\/DSC_00301.jpg'><img loading=\"lazy\" decoding=\"async\" width=\"150\" height=\"150\" src=\"https:\/\/www.real.edu.ee\/ajaveeb\/130c\/files\/2012\/10\/DSC_00301-150x150.jpg\" class=\"attachment-thumbnail size-thumbnail\" alt=\"\" \/><\/a>\n\t\t\t<\/dt><\/dl>\n\t\t\t<br style='clear: both' \/>\n\t\t<\/div>\n\n<p>&nbsp;<\/p>\n","protected":false},"excerpt":{"rendered":"<p>T\u00e4na oli kooli s\u00fcnnip\u00e4ev. \u00d5igemini oli s\u00fcnnip\u00e4ev 29. septembril, aga t\u00e4histati t\u00e4na. \u00a0P\u00e4rast f\u00fc\u00fcsika t\u00f6\u00f6d tuli meile r\u00e4\u00e4kima Arto Aas, poliitik. Ja seej\u00e4rel suundusime staadionile direktori k\u00f5ne kuulama ja s\u00f6\u00f6ma. &nbsp;<\/p>\n","protected":false},"author":1,"featured_media":0,"comment_status":"closed","ping_status":"open","sticky":false,"template":"","format":"standard","meta":{"footnotes":""},"categories":[1],"tags":[],"class_list":["post-61","post","type-post","status-publish","format-standard","hentry","category-uncategorized"],"_links":{"self":[{"href":"https:\/\/www.real.edu.ee\/ajaveeb\/130c\/wp-json\/wp\/v2\/posts\/61","targetHints":{"allow":["GET"]}}],"collection":[{"href":"https:\/\/www.real.edu.ee\/ajaveeb\/130c\/wp-json\/wp\/v2\/posts"}],"about":[{"href":"https:\/\/www.real.edu.ee\/ajaveeb\/130c\/wp-json\/wp\/v2\/types\/post"}],"author":[{"embeddable":true,"href":"https:\/\/www.real.edu.ee\/ajaveeb\/130c\/wp-json\/wp\/v2\/users\/1"}],"replies":[{"embeddable":true,"href":"https:\/\/www.real.edu.ee\/ajaveeb\/130c\/wp-json\/wp\/v2\/comments?post=61"}],"version-history":[{"count":5,"href":"https:\/\/www.real.edu.ee\/ajaveeb\/130c\/wp-json\/wp\/v2\/posts\/61\/revisions"}],"predecessor-version":[{"id":77,"href":"https:\/\/www.real.edu.ee\/ajaveeb\/130c\/wp-json\/wp\/v2\/posts\/61\/revisions\/77"}],"wp:attachment":[{"href":"https:\/\/www.real.edu.ee\/ajaveeb\/130c\/wp-json\/wp\/v2\/media?parent=61"}],"wp:term":[{"taxonomy":"category","embeddable":true,"href":"https:\/\/www.real.edu.ee\/ajaveeb\/130c\/wp-json\/wp\/v2\/categories?post=61"},{"taxonomy":"post_tag","embeddable":true,"href":"https:\/\/www.real.edu.ee\/ajaveeb\/130c\/wp-json\/wp\/v2\/tags?post=61"}],"curies":[{"name":"wp","href":"https:\/\/api.w.org\/{rel}","templated":true}]}}