{"id":232,"date":"2014-10-29T22:26:15","date_gmt":"2014-10-29T22:26:15","guid":{"rendered":"http:\/\/www.real.edu.ee\/ajaveeb\/130c\/?p=232"},"modified":"2014-10-29T22:26:15","modified_gmt":"2014-10-29T22:26:15","slug":"kellel-esimene-kellel-viimane-esimene-september-reaalis-1-09-2014","status":"publish","type":"post","link":"https:\/\/www.real.edu.ee\/ajaveeb\/130c\/2014\/10\/29\/kellel-esimene-kellel-viimane-esimene-september-reaalis-1-09-2014\/","title":{"rendered":"Kellel esimene, kellel viimane esimene september Reaalis (1.09.2014)"},"content":{"rendered":"<p>Kui ma n\u00fc\u00fcd p\u00e4ris aus olen, siis 1. septembril 2014 oli mul esimest korda kahju, et meie Reaalis veedetud aeg, millest on meenutada nii \u00fcletatud raskusi kui ka meeleolukaid s\u00fcndmusi, hakkab l\u00e4bi saama. Ega tegelikult ju polegi \u00f5ppimiste ja muude tegevuste k\u00f5rvalt olnud aega selle \u00fcle kurbust tunda. N\u00fc\u00fcd, abiturientidena 1. septembril staadionile minnes j\u00f5udis see nukker tunne ja teadmine l\u00f5puks ka meie hinge. L\u00f5puks ometi saime kaheteistk\u00fcmnendikena seista k\u00f5ige viimaste klassisiltide juures, mis nagu alati ringikujuliselt maha seatud olid, l\u00f5puks j\u00f5udis k\u00e4tte ka meie kord lahkuda staadionilt esimestena nukitsamehe laulu saatel, l\u00f5puks ometi olime meie need, kes viisid esimese klassi juntsud suure koolimajaga tutvuma. L\u00f5puks oligi see kauaoodatud viimane esimene k\u00e4tte j\u00f5udnud!<\/p>\n<p>Ilmselt k\u00f5ige liigutavam sel p\u00e4eval oli nende armsate v\u00e4ikeste koolilastega m\u00f6\u00f6da maja ringi jalutada. Nad olid nii \u00f5hinas oma esimesest koolip\u00e4evast ning neil oli tohutult palju k\u00fcsimusi (Mis see ruum siin on? Kas sina oled ka siin klassis \u00f5ppinud? Kus on \u00f5petajate tuba? Kus su lemmik\u00f5petaja klass on? jnejnejne..). Sel hetkel tekkis \u00e4kki arusaamine, et ma oskan ju k\u00f5ikidele k\u00fcsimustele vastata ja tunnen oma teadmiste jagamisest r\u00f5\u00f5mu! Olen ma siis t\u00f5esti nii pika tee Reaalis l\u00e4bi k\u00e4inud ja j\u00f5udnud l\u00f5puks nii l\u00e4hedale l\u00f5pule?!<\/p>\n<p>P\u00e4rast v\u00e4ikestele realistidele koolimaja tutvustavat ringk\u00e4iku l\u00e4ksime k\u00f5ik koos 1. klassi aktusele (meie jaoks juba teine aktus 1. septembril), mille l\u00f5ppedes ka meie viimane ning pisikeste m\u00e4lestusv\u00e4\u00e4rne esimene september Reaalis l\u00e4bi sai.<\/p>\n<p><a href=\"http:\/\/www.real.edu.ee\/ajaveeb\/130c\/files\/2014\/10\/2014-09-01-11.34.02.jpg\"><img loading=\"lazy\" decoding=\"async\" class=\"alignnone size-medium wp-image-233\" src=\"http:\/\/www.real.edu.ee\/ajaveeb\/130c\/files\/2014\/10\/2014-09-01-11.34.02-300x168.jpg\" alt=\"2014-09-01 11.34.02\" width=\"300\" height=\"168\" srcset=\"https:\/\/www.real.edu.ee\/ajaveeb\/130c\/files\/2014\/10\/2014-09-01-11.34.02-300x168.jpg 300w, https:\/\/www.real.edu.ee\/ajaveeb\/130c\/files\/2014\/10\/2014-09-01-11.34.02-1024x575.jpg 1024w\" sizes=\"auto, (max-width: 300px) 100vw, 300px\" \/><\/a> <a href=\"http:\/\/www.real.edu.ee\/ajaveeb\/130c\/files\/2014\/10\/Gerli-ja-Kaisa-1.09.2014.jpg\"><img loading=\"lazy\" decoding=\"async\" class=\"alignnone size-medium wp-image-234\" src=\"http:\/\/www.real.edu.ee\/ajaveeb\/130c\/files\/2014\/10\/Gerli-ja-Kaisa-1.09.2014-199x300.jpg\" alt=\"Gerli ja Kaisa 1.09.2014\" width=\"199\" height=\"300\" srcset=\"https:\/\/www.real.edu.ee\/ajaveeb\/130c\/files\/2014\/10\/Gerli-ja-Kaisa-1.09.2014-199x300.jpg 199w, https:\/\/www.real.edu.ee\/ajaveeb\/130c\/files\/2014\/10\/Gerli-ja-Kaisa-1.09.2014.jpg 383w\" sizes=\"auto, (max-width: 199px) 100vw, 199px\" \/><\/a> <a href=\"http:\/\/www.real.edu.ee\/ajaveeb\/130c\/files\/2014\/10\/Grete-ja-Laura-1.09.2014.jpg\"><img loading=\"lazy\" decoding=\"async\" class=\"alignnone size-medium wp-image-235\" src=\"http:\/\/www.real.edu.ee\/ajaveeb\/130c\/files\/2014\/10\/Grete-ja-Laura-1.09.2014-168x300.jpg\" alt=\"Grete ja Laura 1.09.2014\" width=\"168\" height=\"300\" srcset=\"https:\/\/www.real.edu.ee\/ajaveeb\/130c\/files\/2014\/10\/Grete-ja-Laura-1.09.2014-168x300.jpg 168w, https:\/\/www.real.edu.ee\/ajaveeb\/130c\/files\/2014\/10\/Grete-ja-Laura-1.09.2014.jpg 540w\" sizes=\"auto, (max-width: 168px) 100vw, 168px\" \/><\/a> <a href=\"http:\/\/www.real.edu.ee\/ajaveeb\/130c\/files\/2014\/10\/Krissu-ja-Pille-1.09.2014.jpg\"><img loading=\"lazy\" decoding=\"async\" class=\"alignnone size-medium wp-image-236\" src=\"http:\/\/www.real.edu.ee\/ajaveeb\/130c\/files\/2014\/10\/Krissu-ja-Pille-1.09.2014-300x300.jpg\" alt=\"Krissu ja Pille 1.09.2014\" width=\"300\" height=\"300\" srcset=\"https:\/\/www.real.edu.ee\/ajaveeb\/130c\/files\/2014\/10\/Krissu-ja-Pille-1.09.2014-300x300.jpg 300w, https:\/\/www.real.edu.ee\/ajaveeb\/130c\/files\/2014\/10\/Krissu-ja-Pille-1.09.2014-150x150.jpg 150w, https:\/\/www.real.edu.ee\/ajaveeb\/130c\/files\/2014\/10\/Krissu-ja-Pille-1.09.2014.jpg 960w\" sizes=\"auto, (max-width: 300px) 100vw, 300px\" \/><\/a> <a href=\"http:\/\/www.real.edu.ee\/ajaveeb\/130c\/files\/2014\/10\/WP_000051.jpg\"><img loading=\"lazy\" decoding=\"async\" class=\"alignnone size-medium wp-image-237\" src=\"http:\/\/www.real.edu.ee\/ajaveeb\/130c\/files\/2014\/10\/WP_000051-225x300.jpg\" alt=\"WP_000051\" width=\"225\" height=\"300\" srcset=\"https:\/\/www.real.edu.ee\/ajaveeb\/130c\/files\/2014\/10\/WP_000051-225x300.jpg 225w, https:\/\/www.real.edu.ee\/ajaveeb\/130c\/files\/2014\/10\/WP_000051-768x1024.jpg 768w, https:\/\/www.real.edu.ee\/ajaveeb\/130c\/files\/2014\/10\/WP_000051.jpg 1224w\" sizes=\"auto, (max-width: 225px) 100vw, 225px\" \/><\/a> <a href=\"http:\/\/www.real.edu.ee\/ajaveeb\/130c\/files\/2014\/10\/Kiku-1.09.2003.jpg\"><img loading=\"lazy\" decoding=\"async\" class=\"alignnone size-medium wp-image-238\" src=\"http:\/\/www.real.edu.ee\/ajaveeb\/130c\/files\/2014\/10\/Kiku-1.09.2003-300x300.jpg\" alt=\"Kiku 1.09.2003\" width=\"300\" height=\"300\" srcset=\"https:\/\/www.real.edu.ee\/ajaveeb\/130c\/files\/2014\/10\/Kiku-1.09.2003-300x300.jpg 300w, https:\/\/www.real.edu.ee\/ajaveeb\/130c\/files\/2014\/10\/Kiku-1.09.2003-150x150.jpg 150w, https:\/\/www.real.edu.ee\/ajaveeb\/130c\/files\/2014\/10\/Kiku-1.09.2003.jpg 512w\" sizes=\"auto, (max-width: 300px) 100vw, 300px\" \/><\/a>\u00a0(Krissu esimene september 2003)<a href=\"http:\/\/www.real.edu.ee\/ajaveeb\/130c\/files\/2014\/10\/IMG_7063.jpg\"><img loading=\"lazy\" decoding=\"async\" class=\"alignnone size-medium wp-image-239\" src=\"http:\/\/www.real.edu.ee\/ajaveeb\/130c\/files\/2014\/10\/IMG_7063-223x300.jpg\" alt=\"IMG_7063\" width=\"223\" height=\"300\" srcset=\"https:\/\/www.real.edu.ee\/ajaveeb\/130c\/files\/2014\/10\/IMG_7063-223x300.jpg 223w, https:\/\/www.real.edu.ee\/ajaveeb\/130c\/files\/2014\/10\/IMG_7063-764x1024.jpg 764w, https:\/\/www.real.edu.ee\/ajaveeb\/130c\/files\/2014\/10\/IMG_7063.jpg 1535w\" sizes=\"auto, (max-width: 223px) 100vw, 223px\" \/><\/a><\/p>\n<p>&nbsp;<\/p>\n<p>-Lisanna<\/p>\n<p>&nbsp;<\/p>\n","protected":false},"excerpt":{"rendered":"<p>Kui ma n\u00fc\u00fcd p\u00e4ris aus olen, siis 1. septembril 2014 oli mul esimest korda kahju, et meie Reaalis veedetud aeg, millest on meenutada nii \u00fcletatud raskusi kui ka meeleolukaid s\u00fcndmusi, hakkab l\u00e4bi saama. Ega tegelikult ju polegi \u00f5ppimiste ja muude tegevuste k\u00f5rvalt olnud aega selle \u00fcle kurbust tunda. N\u00fc\u00fcd, abiturientidena 1. septembril staadionile minnes j\u00f5udis [&hellip;]<\/p>\n","protected":false},"author":80,"featured_media":0,"comment_status":"closed","ping_status":"open","sticky":false,"template":"","format":"standard","meta":{"footnotes":""},"categories":[1],"tags":[],"class_list":["post-232","post","type-post","status-publish","format-standard","hentry","category-uncategorized"],"_links":{"self":[{"href":"https:\/\/www.real.edu.ee\/ajaveeb\/130c\/wp-json\/wp\/v2\/posts\/232","targetHints":{"allow":["GET"]}}],"collection":[{"href":"https:\/\/www.real.edu.ee\/ajaveeb\/130c\/wp-json\/wp\/v2\/posts"}],"about":[{"href":"https:\/\/www.real.edu.ee\/ajaveeb\/130c\/wp-json\/wp\/v2\/types\/post"}],"author":[{"embeddable":true,"href":"https:\/\/www.real.edu.ee\/ajaveeb\/130c\/wp-json\/wp\/v2\/users\/80"}],"replies":[{"embeddable":true,"href":"https:\/\/www.real.edu.ee\/ajaveeb\/130c\/wp-json\/wp\/v2\/comments?post=232"}],"version-history":[{"count":1,"href":"https:\/\/www.real.edu.ee\/ajaveeb\/130c\/wp-json\/wp\/v2\/posts\/232\/revisions"}],"predecessor-version":[{"id":240,"href":"https:\/\/www.real.edu.ee\/ajaveeb\/130c\/wp-json\/wp\/v2\/posts\/232\/revisions\/240"}],"wp:attachment":[{"href":"https:\/\/www.real.edu.ee\/ajaveeb\/130c\/wp-json\/wp\/v2\/media?parent=232"}],"wp:term":[{"taxonomy":"category","embeddable":true,"href":"https:\/\/www.real.edu.ee\/ajaveeb\/130c\/wp-json\/wp\/v2\/categories?post=232"},{"taxonomy":"post_tag","embeddable":true,"href":"https:\/\/www.real.edu.ee\/ajaveeb\/130c\/wp-json\/wp\/v2\/tags?post=232"}],"curies":[{"name":"wp","href":"https:\/\/api.w.org\/{rel}","templated":true}]}}