{"id":39,"date":"2013-05-23T17:55:34","date_gmt":"2013-05-23T17:55:34","guid":{"rendered":"http:\/\/www.real.edu.ee\/ajaveeb\/130b\/?p=39"},"modified":"2015-02-02T19:54:26","modified_gmt":"2015-02-02T19:54:26","slug":"opilaskonverents-lillekulas","status":"publish","type":"post","link":"https:\/\/www.real.edu.ee\/ajaveeb\/130b\/2013\/05\/23\/opilaskonverents-lillekulas\/","title":{"rendered":"\u00d5pilaskonverents Lillek\u00fclas"},"content":{"rendered":"<p>\u00dchel aprillip\u00e4eval hakkasime me kirjandustunnis k\u00e4sitlema Goethe elut\u00f6\u00f6 &#8220;Fausti&#8221; I osa. Teadsime, et pidime k\u00fclastama ja k\u00e4sitlema ka ooperit &#8220;Faust&#8221;, aga siis selgus veel t\u00f5ik, et peame Lillek\u00fcla G\u00fcmnaasiumiga sellel teemal \u00f5pilaskonverentsi. See t\u00f5otas lisat\u00f6\u00f6d ja lisavaeva, aga samas \u00e4ratas uudishimu, sest paljud meist ei olnud varem teise kooli \u00f5pilastega \u00f5pilaskonverentse pidanud.<\/p>\n<p>Meie kirjandus\u00f5petaja Piret J\u00e4rvela m\u00f5te oli lavastada 45-minutiline l\u00e4bim\u00f5eldud arutelu &#8220;J\u00fcri \u00dcdi klubi&#8221; saate formaadis, mis eeldas l\u00e4bim\u00f5eldud ettekannet ja kogu klassi osalust. T\u00f6\u00f6tasime alguses v\u00e4iksemate, siis suuremate r\u00fchmadena. L\u00f5pptulemus oli midagi, milles oli muusikalisi etteasteid, pantomiimi, poolimproviseeritud kirjanduslikku ja ooperile tuginevat arutelu ning \u00fcht-teist ka &#8220;Fausti&#8221; kohta.<\/p>\n<p>17. aprillil j\u00f5udis k\u00e4tte \u00f5pilaskonverentsi p\u00e4ev ning terve meie klass s\u00f5itis Lillek\u00fclla, julgust v\u00f5\u00f5ras koolis omap\u00e4i arutelu pidada andis ka meie klassijuhataha Piret Karu kaasatulek. Sealsed kodanikud tegid meile erinevaid ettekandeid, et seostada &#8220;Fausti&#8221; kui ooperit, teost ja teatrilavastust. Meie j\u00e4ime tulemusega rahule ja ehk kehtib sama ka \u00f5petajate kohta.<\/p>\n<div style=\"width: 182px\" class=\"wp-caption alignleft\"><img loading=\"lazy\" decoding=\"async\" class=\"    \" alt=\"\" src=\"https:\/\/fbcdn-sphotos-a-a.akamaihd.net\/hphotos-ak-ash4\/317297_453618078045626_1318214412_n.jpg\" width=\"172\" height=\"258\" \/><p class=\"wp-caption-text\">\u00d5pilaskonverentsil<\/p><\/div>\n","protected":false},"excerpt":{"rendered":"<p>\u00dchel aprillip\u00e4eval hakkasime me kirjandustunnis k\u00e4sitlema Goethe elut\u00f6\u00f6 &#8220;Fausti&#8221; I osa. Teadsime, et pidime k\u00fclastama ja k\u00e4sitlema ka ooperit &#8220;Faust&#8221;, aga siis selgus veel t\u00f5ik, et peame Lillek\u00fcla G\u00fcmnaasiumiga sellel teemal \u00f5pilaskonverentsi. See t\u00f5otas lisat\u00f6\u00f6d ja lisavaeva, aga samas \u00e4ratas uudishimu, sest paljud meist ei olnud varem teise kooli \u00f5pilastega \u00f5pilaskonverentse pidanud. Meie kirjandus\u00f5petaja Piret [&hellip;]<\/p>\n","protected":false},"author":64,"featured_media":0,"comment_status":"closed","ping_status":"open","sticky":false,"template":"","format":"standard","meta":{"footnotes":""},"categories":[1],"tags":[],"class_list":["post-39","post","type-post","status-publish","format-standard","hentry","category-uncategorized"],"_links":{"self":[{"href":"https:\/\/www.real.edu.ee\/ajaveeb\/130b\/wp-json\/wp\/v2\/posts\/39","targetHints":{"allow":["GET"]}}],"collection":[{"href":"https:\/\/www.real.edu.ee\/ajaveeb\/130b\/wp-json\/wp\/v2\/posts"}],"about":[{"href":"https:\/\/www.real.edu.ee\/ajaveeb\/130b\/wp-json\/wp\/v2\/types\/post"}],"author":[{"embeddable":true,"href":"https:\/\/www.real.edu.ee\/ajaveeb\/130b\/wp-json\/wp\/v2\/users\/64"}],"replies":[{"embeddable":true,"href":"https:\/\/www.real.edu.ee\/ajaveeb\/130b\/wp-json\/wp\/v2\/comments?post=39"}],"version-history":[{"count":8,"href":"https:\/\/www.real.edu.ee\/ajaveeb\/130b\/wp-json\/wp\/v2\/posts\/39\/revisions"}],"predecessor-version":[{"id":226,"href":"https:\/\/www.real.edu.ee\/ajaveeb\/130b\/wp-json\/wp\/v2\/posts\/39\/revisions\/226"}],"wp:attachment":[{"href":"https:\/\/www.real.edu.ee\/ajaveeb\/130b\/wp-json\/wp\/v2\/media?parent=39"}],"wp:term":[{"taxonomy":"category","embeddable":true,"href":"https:\/\/www.real.edu.ee\/ajaveeb\/130b\/wp-json\/wp\/v2\/categories?post=39"},{"taxonomy":"post_tag","embeddable":true,"href":"https:\/\/www.real.edu.ee\/ajaveeb\/130b\/wp-json\/wp\/v2\/tags?post=39"}],"curies":[{"name":"wp","href":"https:\/\/api.w.org\/{rel}","templated":true}]}}