{"id":645,"date":"2013-04-30T05:54:20","date_gmt":"2013-04-30T05:54:20","guid":{"rendered":"http:\/\/www.real.edu.ee\/ajaveeb\/129b\/?p=645"},"modified":"2013-04-30T05:54:20","modified_gmt":"2013-04-30T05:54:20","slug":"tulukesed-variku-metsades","status":"publish","type":"post","link":"https:\/\/www.real.edu.ee\/ajaveeb\/129b\/2013\/04\/30\/tulukesed-variku-metsades\/","title":{"rendered":"Tulukesed Variku metsades"},"content":{"rendered":"<p><a href=\"http:\/\/www.real.edu.ee\/ajaveeb\/129b\/files\/2013\/04\/rohtla_kera.jpg\"><img loading=\"lazy\" decoding=\"async\" class=\"alignnone  wp-image-646\" alt=\"rohtla_kera\" src=\"http:\/\/www.real.edu.ee\/ajaveeb\/129b\/files\/2013\/04\/rohtla_kera.jpg\" width=\"405\" height=\"270\" srcset=\"https:\/\/www.real.edu.ee\/ajaveeb\/129b\/files\/2013\/04\/rohtla_kera.jpg 675w, https:\/\/www.real.edu.ee\/ajaveeb\/129b\/files\/2013\/04\/rohtla_kera-300x200.jpg 300w\" sizes=\"auto, (max-width: 405px) 100vw, 405px\" \/><\/a><\/p>\n<p>Tervist, ufos\u00f5brad!<\/p>\n<p>T\u00e4na pajatan teile taaskord \u00fchest huvitavast n\u00e4htusest, mida oma maakodus elades t\u00e4hele olen pannud. Nimelt on Variku k\u00fclas liikvel veidrad helendavad orbid. Enne, kui mind taas p\u00fcstihulluks tembeldate, v\u00f5in kinnitada, et ma ei ole ainus, kes neid m\u00e4rganud on.<\/p>\n<p>Esmakordselt n\u00e4gin valguskera \u00f6ise mardijooksu ajal. Tol \u00f6\u00f6l olid minuga kaasas ka neli s\u00f5pra. Vaatasime taevasse ning n\u00e4gime seal lennukit, mis hakkas \u00e4kki liikuma meie suunas ning seda peaaegu et helikiirusel. K\u00e4inud \u00e4ra meie pea kohal, liikus orb telefonimasti juurde, tegi \u00fcmber selle paar tiiru ning kadus metsapimedusse.<\/p>\n<p>Teine kokkupuude toimus \u00fchel suve\u00f6\u00f6l. M\u00e4rkasin tee\u00e4\u00e4rsel metsaalusel punast tulukest. Arvasin alguses, et tegemist on ununenud jalgrattaga, kuid l\u00e4hemale astudes osutus helendav keha jalgpalli-suuruseks. Selle peale tuli hirm nahka ning jooksin koju. M\u00f5ned minutid hiljem uksel seistes kajas kogu metsas kohutav h\u00e4\u00e4l \u2013 nagu oleks miljon buldooserit samal ajal k\u00e4ivitatud, kuid veidi meloodilise tooniga. V\u00f5in teile kinnitada, kallid lugejad, et laulvaid buldoosereid seal metsas kindlasti ei ole. H\u00e4\u00e4l oli veidi sarnane sellele: http:\/\/goo.gl\/Of5oo<\/p>\n<p>Neid tulesid on m\u00e4rganud ka paljud k\u00fclas elavad vanaprouad, lapsed ning hilja koju s\u00f5itvad t\u00f6\u00f6lised. Paljud peavad n\u00e4htust kerav\u00e4lguks, kuid minu arvates on see vaid enesepettus. Uskuge mind, \u00fckskord saavutame k\u00f5rgemate olevustega kontakti!<\/p>\n<p>&nbsp;<\/p>\n<p>Laura-Liisa Rohtla<\/p>\n","protected":false},"excerpt":{"rendered":"<p>Tervist, ufos\u00f5brad! T\u00e4na pajatan teile taaskord \u00fchest huvitavast n\u00e4htusest, mida oma maakodus elades t\u00e4hele olen pannud. Nimelt on Variku k\u00fclas liikvel veidrad helendavad orbid. Enne, kui mind taas p\u00fcstihulluks tembeldate, v\u00f5in kinnitada, et ma ei ole ainus, kes neid m\u00e4rganud on. Esmakordselt n\u00e4gin valguskera \u00f6ise mardijooksu ajal. Tol \u00f6\u00f6l olid minuga kaasas ka neli s\u00f5pra. [&hellip;]<\/p>\n","protected":false},"author":1,"featured_media":0,"comment_status":"closed","ping_status":"open","sticky":false,"template":"","format":"standard","meta":{"footnotes":""},"categories":[43],"tags":[],"class_list":["post-645","post","type-post","status-publish","format-standard","hentry","category-eesti-keele-blogipostitused"],"_links":{"self":[{"href":"https:\/\/www.real.edu.ee\/ajaveeb\/129b\/wp-json\/wp\/v2\/posts\/645","targetHints":{"allow":["GET"]}}],"collection":[{"href":"https:\/\/www.real.edu.ee\/ajaveeb\/129b\/wp-json\/wp\/v2\/posts"}],"about":[{"href":"https:\/\/www.real.edu.ee\/ajaveeb\/129b\/wp-json\/wp\/v2\/types\/post"}],"author":[{"embeddable":true,"href":"https:\/\/www.real.edu.ee\/ajaveeb\/129b\/wp-json\/wp\/v2\/users\/1"}],"replies":[{"embeddable":true,"href":"https:\/\/www.real.edu.ee\/ajaveeb\/129b\/wp-json\/wp\/v2\/comments?post=645"}],"version-history":[{"count":3,"href":"https:\/\/www.real.edu.ee\/ajaveeb\/129b\/wp-json\/wp\/v2\/posts\/645\/revisions"}],"predecessor-version":[{"id":649,"href":"https:\/\/www.real.edu.ee\/ajaveeb\/129b\/wp-json\/wp\/v2\/posts\/645\/revisions\/649"}],"wp:attachment":[{"href":"https:\/\/www.real.edu.ee\/ajaveeb\/129b\/wp-json\/wp\/v2\/media?parent=645"}],"wp:term":[{"taxonomy":"category","embeddable":true,"href":"https:\/\/www.real.edu.ee\/ajaveeb\/129b\/wp-json\/wp\/v2\/categories?post=645"},{"taxonomy":"post_tag","embeddable":true,"href":"https:\/\/www.real.edu.ee\/ajaveeb\/129b\/wp-json\/wp\/v2\/tags?post=645"}],"curies":[{"name":"wp","href":"https:\/\/api.w.org\/{rel}","templated":true}]}}