{"id":143,"date":"2013-04-29T18:53:39","date_gmt":"2013-04-29T18:53:39","guid":{"rendered":"http:\/\/www.real.edu.ee\/ajaveeb\/129a\/?p=143"},"modified":"2013-04-29T18:54:33","modified_gmt":"2013-04-29T18:54:33","slug":"trevori-lugu","status":"publish","type":"post","link":"https:\/\/www.real.edu.ee\/ajaveeb\/129a\/2013\/04\/29\/trevori-lugu\/","title":{"rendered":"Trevori lugu"},"content":{"rendered":"<p>\u00dcks meie t\u00e4helepanelik lugeja saatis meile 13 p\u00e4eva tagasi foto, mille ta oli j\u00e4\u00e4dvustanud Rannam\u00f5isas. Lugeja ise kirjeldas toimunut j\u00e4rgnevalt:<\/p>\n<p>&#8220;Olin just s\u00f5itmas m\u00f6\u00f6da Paldiski maanteed Keila poole, kui \u00e4kki hakkas laps tagaistmel nutma. Tema sooviks oli minna sel sumedal \u00f6\u00f6l ujuma. Muigasin tema jutu peale ning v\u00f5tsin suuna Harku j\u00e4rve poole. Midagi kummalist v\u00e4reles taevas, kuid ma pidasin seda lihtsalt tavaliseks helikopteriks (sest need on tavalised n\u00e4htused Harku j\u00e4rve ligidal). Korraga purskas objekt tohutul kiirusel edelasse ning j\u00e4i siis ootamatult h\u00f5ljuma. SEE EI TUNDUNUD NAGU HELIKOPTER!!!&#8221;<\/p>\n<p>Selline vaatepilt avanes Tevorile \u00fcleeelmise teisip\u00e4eva \u00f5htul. Olgu iga lugeja siinkohal tunnistajaks pildi ehtsuses<\/p>\n<p><a href=\"http:\/\/www.real.edu.ee\/ajaveeb\/129a\/files\/2013\/04\/ufod-rannam\u00f5isas.png\"><img loading=\"lazy\" decoding=\"async\" class=\"alignnone  wp-image-144\" alt=\"ufod rannam\u00f5isas\" src=\"http:\/\/www.real.edu.ee\/ajaveeb\/129a\/files\/2013\/04\/ufod-rannam\u00f5isas-1024x612.png\" width=\"508\" height=\"305\" srcset=\"https:\/\/www.real.edu.ee\/ajaveeb\/129a\/files\/2013\/04\/ufod-rannam\u00f5isas-1024x612.png 1024w, https:\/\/www.real.edu.ee\/ajaveeb\/129a\/files\/2013\/04\/ufod-rannam\u00f5isas-300x179.png 300w, https:\/\/www.real.edu.ee\/ajaveeb\/129a\/files\/2013\/04\/ufod-rannam\u00f5isas.png 1920w\" sizes=\"auto, (max-width: 508px) 100vw, 508px\" \/><\/a><\/p>\n<p>Veel kommenteeris Trevor:<br \/>\n&#8220;Oleksin hakanud filmima, aga kuna just sai j\u00e4\u00e4dvustatud lapse s\u00fcnnip\u00e4evapidu, siis ei olnud selleks hetkeks m\u00e4lukaardil piisavalt ruumi.&#8221;<\/p>\n<p>Selline oli Tevori lugu<br \/>\nKui ka sina juhtud tunnistama m\u00f5nda huvitavat elumuutvat s\u00fcndmust tunnistama anna sellest meile teada ning meie edastama selle eesti rahvale.<\/p>\n<p>Raid ja Reiko &#8211; et uus saaks avaldatud<\/p>\n","protected":false},"excerpt":{"rendered":"<p>\u00dcks meie t\u00e4helepanelik lugeja saatis meile 13 p\u00e4eva tagasi foto, mille ta oli j\u00e4\u00e4dvustanud Rannam\u00f5isas. Lugeja ise kirjeldas toimunut j\u00e4rgnevalt: &#8220;Olin just s\u00f5itmas m\u00f6\u00f6da Paldiski maanteed Keila poole, kui \u00e4kki hakkas laps tagaistmel nutma. Tema sooviks oli minna sel sumedal \u00f6\u00f6l ujuma. Muigasin tema jutu peale ning v\u00f5tsin suuna Harku j\u00e4rve poole. Midagi kummalist v\u00e4reles [&hellip;]<\/p>\n","protected":false},"author":54,"featured_media":0,"comment_status":"closed","ping_status":"open","sticky":false,"template":"","format":"standard","meta":{"footnotes":""},"categories":[3],"tags":[],"class_list":["post-143","post","type-post","status-publish","format-standard","hentry","category-blogipost"],"_links":{"self":[{"href":"https:\/\/www.real.edu.ee\/ajaveeb\/129a\/wp-json\/wp\/v2\/posts\/143","targetHints":{"allow":["GET"]}}],"collection":[{"href":"https:\/\/www.real.edu.ee\/ajaveeb\/129a\/wp-json\/wp\/v2\/posts"}],"about":[{"href":"https:\/\/www.real.edu.ee\/ajaveeb\/129a\/wp-json\/wp\/v2\/types\/post"}],"author":[{"embeddable":true,"href":"https:\/\/www.real.edu.ee\/ajaveeb\/129a\/wp-json\/wp\/v2\/users\/54"}],"replies":[{"embeddable":true,"href":"https:\/\/www.real.edu.ee\/ajaveeb\/129a\/wp-json\/wp\/v2\/comments?post=143"}],"version-history":[{"count":11,"href":"https:\/\/www.real.edu.ee\/ajaveeb\/129a\/wp-json\/wp\/v2\/posts\/143\/revisions"}],"predecessor-version":[{"id":188,"href":"https:\/\/www.real.edu.ee\/ajaveeb\/129a\/wp-json\/wp\/v2\/posts\/143\/revisions\/188"}],"wp:attachment":[{"href":"https:\/\/www.real.edu.ee\/ajaveeb\/129a\/wp-json\/wp\/v2\/media?parent=143"}],"wp:term":[{"taxonomy":"category","embeddable":true,"href":"https:\/\/www.real.edu.ee\/ajaveeb\/129a\/wp-json\/wp\/v2\/categories?post=143"},{"taxonomy":"post_tag","embeddable":true,"href":"https:\/\/www.real.edu.ee\/ajaveeb\/129a\/wp-json\/wp\/v2\/tags?post=143"}],"curies":[{"name":"wp","href":"https:\/\/api.w.org\/{rel}","templated":true}]}}