{"id":477,"date":"2012-05-29T19:14:21","date_gmt":"2012-05-29T17:14:21","guid":{"rendered":"http:\/\/www.real.edu.ee\/ajaveeb\/128b\/?p=477"},"modified":"2012-05-29T19:17:21","modified_gmt":"2012-05-29T17:17:21","slug":"luhidalt-reedesest-loengust-tikis","status":"publish","type":"post","link":"https:\/\/www.real.edu.ee\/ajaveeb\/128b\/2012\/05\/29\/luhidalt-reedesest-loengust-tikis\/","title":{"rendered":"L\u00fchidalt reedesest loengust TIKis"},"content":{"rendered":"<p>Reedel, 1. juunil l\u00e4heme Tallinna Inglise Kolled\u017eisse kuulama loengut &#8220;Teie \u00f5igused, teie tulevik: aidake kujundada Euroopat!&#8221;. Tegemist on meie, kui tulevate valijate informeerimisega, sest nagu \u00fctleb loengu l\u00e4biviija Euroopa Komisjoni asepresident ning \u00f5igusk\u00fcsimuste, p\u00f5hi\u00f5iguste ja kodakondsuse volinik Viviane Reding, oleme meie, kodanikud, need, kes Euroopa liitu koos hoiavad ja kelle nimed taoline organisatsioon \u00fcldse t\u00f6\u00f6tab.<\/p>\n<p>Mida Reding veel r\u00e4\u00e4gib, seda kuulete reedeses ingliskeelses loengus. N\u00fc\u00fcd palungi, et ehk valmistaksid m\u00f5ningad meie klassist ette asjalikud k\u00fcsimused, mida asepresidendilt k\u00fcsida. Kes vajab rohkem taustinfot, siis siin on \u00fcks artikkel:\u00a0<a href=\"http:\/\/blogs.ec.europa.eu\/estonia\/teie-oigused-teie-tulevik-aidake-kujundada-homset-euroopat\/\">http:\/\/blogs.ec.europa.eu\/estonia\/teie-oigused-teie-tulevik-aidake-kujundada-homset-euroopat\/<\/a><\/p>\n<p>ja siin veidi infot Viviane Redingu enda kohta:\u00a0<a href=\"http:\/\/en.wikipedia.org\/wiki\/Viviane_Reding\">http:\/\/en.wikipedia.org\/wiki\/Viviane_Reding<\/a>\u00a0(jah, see on Wikipeedia!)<\/p>\n<p>Reedeni! (PS! Minek on peale 1. tundi ehk peale ajalugu)<\/p>\n","protected":false},"excerpt":{"rendered":"<p>Reedel, 1. juunil l\u00e4heme Tallinna Inglise Kolled\u017eisse kuulama loengut &#8220;Teie \u00f5igused, teie tulevik: aidake kujundada Euroopat!&#8221;. Tegemist on meie, kui tulevate valijate informeerimisega, sest nagu \u00fctleb loengu l\u00e4biviija Euroopa Komisjoni asepresident ning \u00f5igusk\u00fcsimuste, p\u00f5hi\u00f5iguste ja kodakondsuse volinik Viviane Reding, oleme meie, kodanikud, need, kes Euroopa liitu koos hoiavad ja kelle nimed taoline organisatsioon \u00fcldse t\u00f6\u00f6tab. [&hellip;]<\/p>\n","protected":false},"author":24,"featured_media":0,"comment_status":"closed","ping_status":"open","sticky":false,"template":"","format":"standard","meta":{"footnotes":""},"categories":[1],"tags":[],"class_list":["post-477","post","type-post","status-publish","format-standard","hentry","category-maaratlemata"],"_links":{"self":[{"href":"https:\/\/www.real.edu.ee\/ajaveeb\/128b\/wp-json\/wp\/v2\/posts\/477","targetHints":{"allow":["GET"]}}],"collection":[{"href":"https:\/\/www.real.edu.ee\/ajaveeb\/128b\/wp-json\/wp\/v2\/posts"}],"about":[{"href":"https:\/\/www.real.edu.ee\/ajaveeb\/128b\/wp-json\/wp\/v2\/types\/post"}],"author":[{"embeddable":true,"href":"https:\/\/www.real.edu.ee\/ajaveeb\/128b\/wp-json\/wp\/v2\/users\/24"}],"replies":[{"embeddable":true,"href":"https:\/\/www.real.edu.ee\/ajaveeb\/128b\/wp-json\/wp\/v2\/comments?post=477"}],"version-history":[{"count":3,"href":"https:\/\/www.real.edu.ee\/ajaveeb\/128b\/wp-json\/wp\/v2\/posts\/477\/revisions"}],"predecessor-version":[{"id":481,"href":"https:\/\/www.real.edu.ee\/ajaveeb\/128b\/wp-json\/wp\/v2\/posts\/477\/revisions\/481"}],"wp:attachment":[{"href":"https:\/\/www.real.edu.ee\/ajaveeb\/128b\/wp-json\/wp\/v2\/media?parent=477"}],"wp:term":[{"taxonomy":"category","embeddable":true,"href":"https:\/\/www.real.edu.ee\/ajaveeb\/128b\/wp-json\/wp\/v2\/categories?post=477"},{"taxonomy":"post_tag","embeddable":true,"href":"https:\/\/www.real.edu.ee\/ajaveeb\/128b\/wp-json\/wp\/v2\/tags?post=477"}],"curies":[{"name":"wp","href":"https:\/\/api.w.org\/{rel}","templated":true}]}}