{"id":456,"date":"2012-02-13T19:03:45","date_gmt":"2012-02-13T17:03:45","guid":{"rendered":"http:\/\/www.real.edu.ee\/ajaveeb\/128b\/?p=456"},"modified":"2012-02-13T19:04:01","modified_gmt":"2012-02-13T17:04:01","slug":"garderoobikorraldus-13-17-ja-20-23-veebruaril","status":"publish","type":"post","link":"https:\/\/www.real.edu.ee\/ajaveeb\/128b\/2012\/02\/13\/garderoobikorraldus-13-17-ja-20-23-veebruaril\/","title":{"rendered":"Garderoobikorraldus 13.-17. ja 20.-23. veebruaril"},"content":{"rendered":"<p>Esmasp\u00e4eval 13.02 Betti, Olari, Annabel, Robert<br \/>\nTeisip\u00e4eval 14.02. Siim, Ted Edward, Kaspar, Merit<br \/>\nKolmap\u00e4val 15.02. Siiri, Juhan, Iida Kaisa, Eliis<br \/>\nNeljap\u00e4eval 16.02. &#8211; F\u00fc\u00fcsika valiktunnis k\u00e4ijad (omal kokkuleppel)<br \/>\nReedel 17.02. Daniel, Madis, Mihkel, Andres<\/p>\n<p>Esmasp\u00e4eval 20.02 Alice, Ode Liis, Joanna, Pille<br \/>\nTeisip\u00e4eval 21.02. 2 Sebastian, Jan<br \/>\nKolmap\u00e4eval 22.02. \u00a0Eleen, Kadri, Piret, Gert<br \/>\nNeljap\u00e4eval 23.02. F\u00fc\u00fcsika valiktunnis k\u00e4ijad (omal kokkuleppel)<\/p>\n<p>Reedel kooli pole!!! \ud83d\ude42<\/p>\n<p>Olge siis k\u00f5ik kohal!<\/p>\n","protected":false},"excerpt":{"rendered":"<p>Esmasp\u00e4eval 13.02 Betti, Olari, Annabel, Robert Teisip\u00e4eval 14.02. Siim, Ted Edward, Kaspar, Merit Kolmap\u00e4val 15.02. Siiri, Juhan, Iida Kaisa, Eliis Neljap\u00e4eval 16.02. &#8211; F\u00fc\u00fcsika valiktunnis k\u00e4ijad (omal kokkuleppel) Reedel 17.02. Daniel, Madis, Mihkel, Andres Esmasp\u00e4eval 20.02 Alice, Ode Liis, Joanna, Pille Teisip\u00e4eval 21.02. 2 Sebastian, Jan Kolmap\u00e4eval 22.02. \u00a0Eleen, Kadri, Piret, Gert Neljap\u00e4eval 23.02. F\u00fc\u00fcsika [&hellip;]<\/p>\n","protected":false},"author":24,"featured_media":0,"comment_status":"closed","ping_status":"open","sticky":false,"template":"","format":"standard","meta":{"footnotes":""},"categories":[1],"tags":[],"class_list":["post-456","post","type-post","status-publish","format-standard","hentry","category-maaratlemata"],"_links":{"self":[{"href":"https:\/\/www.real.edu.ee\/ajaveeb\/128b\/wp-json\/wp\/v2\/posts\/456","targetHints":{"allow":["GET"]}}],"collection":[{"href":"https:\/\/www.real.edu.ee\/ajaveeb\/128b\/wp-json\/wp\/v2\/posts"}],"about":[{"href":"https:\/\/www.real.edu.ee\/ajaveeb\/128b\/wp-json\/wp\/v2\/types\/post"}],"author":[{"embeddable":true,"href":"https:\/\/www.real.edu.ee\/ajaveeb\/128b\/wp-json\/wp\/v2\/users\/24"}],"replies":[{"embeddable":true,"href":"https:\/\/www.real.edu.ee\/ajaveeb\/128b\/wp-json\/wp\/v2\/comments?post=456"}],"version-history":[{"count":3,"href":"https:\/\/www.real.edu.ee\/ajaveeb\/128b\/wp-json\/wp\/v2\/posts\/456\/revisions"}],"predecessor-version":[{"id":459,"href":"https:\/\/www.real.edu.ee\/ajaveeb\/128b\/wp-json\/wp\/v2\/posts\/456\/revisions\/459"}],"wp:attachment":[{"href":"https:\/\/www.real.edu.ee\/ajaveeb\/128b\/wp-json\/wp\/v2\/media?parent=456"}],"wp:term":[{"taxonomy":"category","embeddable":true,"href":"https:\/\/www.real.edu.ee\/ajaveeb\/128b\/wp-json\/wp\/v2\/categories?post=456"},{"taxonomy":"post_tag","embeddable":true,"href":"https:\/\/www.real.edu.ee\/ajaveeb\/128b\/wp-json\/wp\/v2\/tags?post=456"}],"curies":[{"name":"wp","href":"https:\/\/api.w.org\/{rel}","templated":true}]}}