{"id":93,"date":"2008-01-16T16:14:43","date_gmt":"2008-01-16T14:14:43","guid":{"rendered":"http:\/\/real.edu.ee\/~125b\/2008\/01\/16\/informaatika-oppesessioon\/"},"modified":"2008-01-16T16:14:43","modified_gmt":"2008-01-16T14:14:43","slug":"informaatika-oppesessioon","status":"publish","type":"post","link":"https:\/\/www.real.edu.ee\/ajaveeb\/125b\/2008\/01\/16\/informaatika-oppesessioon\/","title":{"rendered":"Informaatika \u00f5ppesessioon"},"content":{"rendered":"<p>Tartu \u00dclikooli Teaduskool korraldab Tartus 26.-27. jaanuaril 2008 informaatika \u00f5ppesessiooni.<\/p>\n<p>Meie klassist on sinna kutsutud:<\/p>\n<ul>\n<li>Andre Tamm<\/li>\n<li>Kristjan Eerik Kaseniit<\/li>\n<li>Erko Risthein<\/li>\n<li>M\u00e4rt Bakhoff<\/li>\n<li>Morten Piibeleht<\/li>\n<li>Hendrik Otto Kaju<\/li>\n<\/ul>\n<p>T\u00e4psem info <a href=\"http:\/\/www.teaduskool.ut.ee\/1587\">T\u00dc Teaduskooli veebilehel<\/a>.<\/p>\n","protected":false},"excerpt":{"rendered":"<p>Tartu \u00dclikooli Teaduskool korraldab Tartus 26.-27. jaanuaril 2008 informaatika \u00f5ppesessiooni. Meie klassist on sinna kutsutud: Andre Tamm Kristjan Eerik Kaseniit Erko Risthein M\u00e4rt Bakhoff Morten Piibeleht Hendrik Otto Kaju T\u00e4psem info T\u00dc Teaduskooli veebilehel.<\/p>\n","protected":false},"author":1,"featured_media":0,"comment_status":"open","ping_status":"open","sticky":false,"template":"","format":"standard","meta":{"footnotes":""},"categories":[5],"tags":[42,122],"class_list":["post-93","post","type-post","status-publish","format-standard","hentry","category-uudised","tag-informaatika","tag-oppesessioon"],"_links":{"self":[{"href":"https:\/\/www.real.edu.ee\/ajaveeb\/125b\/wp-json\/wp\/v2\/posts\/93","targetHints":{"allow":["GET"]}}],"collection":[{"href":"https:\/\/www.real.edu.ee\/ajaveeb\/125b\/wp-json\/wp\/v2\/posts"}],"about":[{"href":"https:\/\/www.real.edu.ee\/ajaveeb\/125b\/wp-json\/wp\/v2\/types\/post"}],"author":[{"embeddable":true,"href":"https:\/\/www.real.edu.ee\/ajaveeb\/125b\/wp-json\/wp\/v2\/users\/1"}],"replies":[{"embeddable":true,"href":"https:\/\/www.real.edu.ee\/ajaveeb\/125b\/wp-json\/wp\/v2\/comments?post=93"}],"version-history":[{"count":0,"href":"https:\/\/www.real.edu.ee\/ajaveeb\/125b\/wp-json\/wp\/v2\/posts\/93\/revisions"}],"wp:attachment":[{"href":"https:\/\/www.real.edu.ee\/ajaveeb\/125b\/wp-json\/wp\/v2\/media?parent=93"}],"wp:term":[{"taxonomy":"category","embeddable":true,"href":"https:\/\/www.real.edu.ee\/ajaveeb\/125b\/wp-json\/wp\/v2\/categories?post=93"},{"taxonomy":"post_tag","embeddable":true,"href":"https:\/\/www.real.edu.ee\/ajaveeb\/125b\/wp-json\/wp\/v2\/tags?post=93"}],"curies":[{"name":"wp","href":"https:\/\/api.w.org\/{rel}","templated":true}]}}