{"id":48,"date":"2007-10-09T21:06:13","date_gmt":"2007-10-09T19:06:13","guid":{"rendered":"http:\/\/real.edu.ee\/~125b\/2007\/11\/26\/augustikuine-tutvumisvaljasoit\/"},"modified":"2007-10-09T21:06:13","modified_gmt":"2007-10-09T19:06:13","slug":"augustikuine-tutvumisvaljasoit","status":"publish","type":"post","link":"https:\/\/www.real.edu.ee\/ajaveeb\/125b\/2007\/10\/09\/augustikuine-tutvumisvaljasoit\/","title":{"rendered":"Augustikuine tutvumisv\u00e4ljas\u00f5it"},"content":{"rendered":"<p>Meie lennule korraldati augusti l\u00f5pus \u00fchep\u00e4evane v\u00e4ljas\u00f5it Kloogale, et saaks natukenegi uude klassi sisse elada. Kohapeal tutvustasid Piret Otsa, Ene Saar ja direktor Polma meile kooli traditsioone ja ajalugu. Samuti m\u00e4ngisime tutvumism\u00e4nge ning toimusid teatev\u00f5istlused. J\u00e4rgnevalt anname \u00fclevaate ekskursioonist l\u00e4bi meie klassikaaslaste meenutuste.<\/p>\n<blockquote><p><font size=\"2\"><em>&#8220;Lennukaaslaste m\u00f5nus koosviibimine, mis kulges suhteliselt rahulikult ja viperusteta. Samas oli see piisavalt huvitav kogemus, et seda tasub m\u00e4letada ja meenutada elul\u00f5puni.&#8221; Heiko<\/em><\/font><\/p><\/blockquote>\n<blockquote><p><font size=\"2\"><em>&#8220;Teadsin ainult paari n\u00e4gu terve lennu pealt. Aga \u00fcldiselt tundus rahvas s\u00f5bralik ning n\u00e4iteks Kristjani, Marteni ja Edwartiga sain otsekohe tuttavaks \ud83d\ude1b \u00dches\u00f5naga ei v\u00f5tnud s\u00f5brunemine \u00fcldse kaua aega.&#8221; Erko<\/em><\/font><\/p><\/blockquote>\n<blockquote><p><font size=\"2\"><em>&#8220;V\u00e4ljas\u00f5idule eelneval p\u00e4eval olin suht n\u00e4rviline, hommikuks aga olin suhteliselt rahulik. Meelde j\u00e4i eredalt see, kuidas me seal ringi t\u00f6llerdasime ja veel ka see, kuidas me pidime k\u00e4bisid korjama.&#8221; Andrus<\/em><\/font><\/p><\/blockquote>\n<blockquote><p><em><font size=\"2\">&#8220;Mulle j\u00e4i see meelde, kui me Marteniga ujumas k\u00e4isime. Siis tulid k\u00f5ik meile j\u00e4rele ja vaatasid meid kui imelikke. Mulle meenub, kuidas Marteniga teed juhatasime ja l\u00e4ksime t\u00e4iesti oma suva j\u00e4rgi ning k\u00f5ik j\u00e4rgnesid. Mulle j\u00e4i meelde esimene kokkupuude Vatseliga&#8230; Kui ma kutsusin t\u00fcdrukuid tutvumis\u00f5htule, ta \u00fctles: &#8220;T\u00fcdrukud&#8230; \u00e4rge kuulake teda&#8230; ta viib teid halvale teele.&#8221; &#8221; Kristjan<\/font><\/em><\/p><\/blockquote>\n<h2>Pildid<\/h2>\n<table>\n<tr>\n<td valign=\"top\"><a href=\"http:\/\/real.edu.ee\/%7E125b\/wp-content\/uploads\/2008\/01\/klooga_1.jpg\" title=\"Klooga 1\"><img decoding=\"async\" src=\"http:\/\/real.edu.ee\/%7E125b\/wp-content\/uploads\/2008\/01\/klooga_1.thumbnail.jpg\" alt=\"Klooga 1\" \/><\/a><\/td>\n<td valign=\"top\"><a href=\"http:\/\/real.edu.ee\/%7E125b\/wp-content\/uploads\/2008\/01\/klooga_2.jpg\" title=\"Klooga 2\"><img decoding=\"async\" src=\"http:\/\/real.edu.ee\/%7E125b\/wp-content\/uploads\/2008\/01\/klooga_2.thumbnail.jpg\" alt=\"Klooga 2\" \/><\/a><\/td>\n<td valign=\"top\"><a href=\"http:\/\/real.edu.ee\/%7E125b\/wp-content\/uploads\/2008\/01\/klooga_3.jpg\" title=\"Klooga 3\"><img decoding=\"async\" src=\"http:\/\/real.edu.ee\/%7E125b\/wp-content\/uploads\/2008\/01\/klooga_3.thumbnail.jpg\" alt=\"Klooga 3\" \/><\/a><\/td>\n<\/tr>\n<tr>\n<td valign=\"top\"><a href=\"http:\/\/real.edu.ee\/%7E125b\/wp-content\/uploads\/2008\/01\/klooga_4.jpg\" title=\"Klooga 4\"><img decoding=\"async\" src=\"http:\/\/real.edu.ee\/%7E125b\/wp-content\/uploads\/2008\/01\/klooga_4.thumbnail.jpg\" alt=\"Klooga 4\" \/><\/a><\/td>\n<td valign=\"top\"><a href=\"http:\/\/real.edu.ee\/%7E125b\/wp-content\/uploads\/2008\/01\/klooga_5.jpg\" title=\"Klooga 5\"><img decoding=\"async\" src=\"http:\/\/real.edu.ee\/%7E125b\/wp-content\/uploads\/2008\/01\/klooga_5.thumbnail.jpg\" alt=\"Klooga 5\" \/><\/a><\/td>\n<td valign=\"top\"><a href=\"http:\/\/real.edu.ee\/%7E125b\/wp-content\/uploads\/2008\/01\/klooga_6.jpg\" title=\"Klooga 6\"><img decoding=\"async\" src=\"http:\/\/real.edu.ee\/%7E125b\/wp-content\/uploads\/2008\/01\/klooga_6.thumbnail.jpg\" alt=\"Klooga 6\" \/><\/a><\/td>\n<\/tr>\n<tr>\n<td valign=\"top\"><a href=\"http:\/\/real.edu.ee\/%7E125b\/wp-content\/uploads\/2008\/01\/klooga_7.jpg\" title=\"Klooga 7\"><img decoding=\"async\" src=\"http:\/\/real.edu.ee\/%7E125b\/wp-content\/uploads\/2008\/01\/klooga_7.thumbnail.jpg\" alt=\"Klooga 7\" \/><\/a><\/td>\n<td valign=\"top\"><a href=\"http:\/\/real.edu.ee\/%7E125b\/wp-content\/uploads\/2008\/01\/klooga_8.jpg\" title=\"Klooga 8\"><img decoding=\"async\" src=\"http:\/\/real.edu.ee\/%7E125b\/wp-content\/uploads\/2008\/01\/klooga_8.thumbnail.jpg\" alt=\"Klooga 8\" \/><\/a><\/td>\n<td valign=\"top\">&nbsp;<\/td>\n<\/tr>\n<\/table>\n","protected":false},"excerpt":{"rendered":"<p>Meie lennule korraldati augusti l\u00f5pus \u00fchep\u00e4evane v\u00e4ljas\u00f5it Kloogale, et saaks natukenegi uude klassi sisse elada. Kohapeal tutvustasid Piret Otsa, Ene Saar ja direktor Polma meile kooli traditsioone ja ajalugu. Samuti m\u00e4ngisime tutvumism\u00e4nge ning toimusid teatev\u00f5istlused. J\u00e4rgnevalt anname \u00fclevaate ekskursioonist l\u00e4bi meie klassikaaslaste meenutuste. &#8220;Lennukaaslaste m\u00f5nus koosviibimine, mis kulges suhteliselt rahulikult ja viperusteta. Samas oli see [&hellip;]<\/p>\n","protected":false},"author":1,"featured_media":0,"comment_status":"open","ping_status":"open","sticky":false,"template":"","format":"standard","meta":{"footnotes":""},"categories":[4],"tags":[145],"class_list":["post-48","post","type-post","status-publish","format-standard","hentry","category-tegemised","tag-reis"],"_links":{"self":[{"href":"https:\/\/www.real.edu.ee\/ajaveeb\/125b\/wp-json\/wp\/v2\/posts\/48","targetHints":{"allow":["GET"]}}],"collection":[{"href":"https:\/\/www.real.edu.ee\/ajaveeb\/125b\/wp-json\/wp\/v2\/posts"}],"about":[{"href":"https:\/\/www.real.edu.ee\/ajaveeb\/125b\/wp-json\/wp\/v2\/types\/post"}],"author":[{"embeddable":true,"href":"https:\/\/www.real.edu.ee\/ajaveeb\/125b\/wp-json\/wp\/v2\/users\/1"}],"replies":[{"embeddable":true,"href":"https:\/\/www.real.edu.ee\/ajaveeb\/125b\/wp-json\/wp\/v2\/comments?post=48"}],"version-history":[{"count":0,"href":"https:\/\/www.real.edu.ee\/ajaveeb\/125b\/wp-json\/wp\/v2\/posts\/48\/revisions"}],"wp:attachment":[{"href":"https:\/\/www.real.edu.ee\/ajaveeb\/125b\/wp-json\/wp\/v2\/media?parent=48"}],"wp:term":[{"taxonomy":"category","embeddable":true,"href":"https:\/\/www.real.edu.ee\/ajaveeb\/125b\/wp-json\/wp\/v2\/categories?post=48"},{"taxonomy":"post_tag","embeddable":true,"href":"https:\/\/www.real.edu.ee\/ajaveeb\/125b\/wp-json\/wp\/v2\/tags?post=48"}],"curies":[{"name":"wp","href":"https:\/\/api.w.org\/{rel}","templated":true}]}}