{"id":122,"date":"2008-02-18T18:56:34","date_gmt":"2008-02-18T16:56:34","guid":{"rendered":"http:\/\/real.edu.ee\/~125b\/2008\/02\/18\/kontsert-estonias\/"},"modified":"2008-02-18T18:56:34","modified_gmt":"2008-02-18T16:56:34","slug":"kontsert-estonias","status":"publish","type":"post","link":"https:\/\/www.real.edu.ee\/ajaveeb\/125b\/2008\/02\/18\/kontsert-estonias\/","title":{"rendered":"Kontsert Estonias"},"content":{"rendered":"<p>T\u00e4na esinesime\u00a0kooli segakooriga Estonia teatris. Kontsert toimus teatrisaalis ning oli korraldatud Tallinna koolide direktoritele ja \u00f5petajatele seoses vabariigi aastap\u00e4evaga. Laulsime \u00fchendkoorina koos GAG ja N\u00f5mme Muusikakooli\u00a0segakooridega, Tallinna Muusikakooli orkestri saatel. S\u00f5naline pool\u00a0oli VHK \u00f5pilaste poolt.<\/p>\n<p>Kontsert l\u00e4ks t\u00e4itsa normaalselt, kui mitte arvestada totaalset \u00f5hupuudust ning meeletut palavust. \ud83d\ude09<\/p>\n","protected":false},"excerpt":{"rendered":"<p>T\u00e4na esinesime\u00a0kooli segakooriga Estonia teatris. Kontsert toimus teatrisaalis ning oli korraldatud Tallinna koolide direktoritele ja \u00f5petajatele seoses vabariigi aastap\u00e4evaga. Laulsime \u00fchendkoorina koos GAG ja N\u00f5mme Muusikakooli\u00a0segakooridega, Tallinna Muusikakooli orkestri saatel. S\u00f5naline pool\u00a0oli VHK \u00f5pilaste poolt. Kontsert l\u00e4ks t\u00e4itsa normaalselt, kui mitte arvestada totaalset \u00f5hupuudust ning meeletut palavust. \ud83d\ude09<\/p>\n","protected":false},"author":1,"featured_media":0,"comment_status":"open","ping_status":"open","sticky":false,"template":"","format":"standard","meta":{"footnotes":""},"categories":[5],"tags":[73,91,150,182],"class_list":["post-122","post","type-post","status-publish","format-standard","hentry","category-uudised","tag-kontsert","tag-laulmine","tag-segakoor","tag-uritus"],"_links":{"self":[{"href":"https:\/\/www.real.edu.ee\/ajaveeb\/125b\/wp-json\/wp\/v2\/posts\/122","targetHints":{"allow":["GET"]}}],"collection":[{"href":"https:\/\/www.real.edu.ee\/ajaveeb\/125b\/wp-json\/wp\/v2\/posts"}],"about":[{"href":"https:\/\/www.real.edu.ee\/ajaveeb\/125b\/wp-json\/wp\/v2\/types\/post"}],"author":[{"embeddable":true,"href":"https:\/\/www.real.edu.ee\/ajaveeb\/125b\/wp-json\/wp\/v2\/users\/1"}],"replies":[{"embeddable":true,"href":"https:\/\/www.real.edu.ee\/ajaveeb\/125b\/wp-json\/wp\/v2\/comments?post=122"}],"version-history":[{"count":0,"href":"https:\/\/www.real.edu.ee\/ajaveeb\/125b\/wp-json\/wp\/v2\/posts\/122\/revisions"}],"wp:attachment":[{"href":"https:\/\/www.real.edu.ee\/ajaveeb\/125b\/wp-json\/wp\/v2\/media?parent=122"}],"wp:term":[{"taxonomy":"category","embeddable":true,"href":"https:\/\/www.real.edu.ee\/ajaveeb\/125b\/wp-json\/wp\/v2\/categories?post=122"},{"taxonomy":"post_tag","embeddable":true,"href":"https:\/\/www.real.edu.ee\/ajaveeb\/125b\/wp-json\/wp\/v2\/tags?post=122"}],"curies":[{"name":"wp","href":"https:\/\/api.w.org\/{rel}","templated":true}]}}