{"id":97,"date":"2009-09-02T12:41:55","date_gmt":"2009-09-02T09:41:55","guid":{"rendered":"http:\/\/www.real.edu.ee\/~125a\/?p=97"},"modified":"2009-09-02T12:41:55","modified_gmt":"2009-09-02T09:41:55","slug":"viimne-korrapidamine","status":"publish","type":"post","link":"https:\/\/www.real.edu.ee\/ajaveeb\/125a\/2009\/09\/02\/viimne-korrapidamine\/","title":{"rendered":"Viimne korrapidamine"},"content":{"rendered":"<p>Seekord peame vaid kord aastas korrapidajad olema, seega olgem head&#8230; korrapidajad. J\u00e4rgnev ajakava on vaidlustatav, aga peate sellisel juhul endale ise asendaja\/vahetuse leidma. P\u00f5him\u00f5tteliselt on iga \u00f5pilane kord n\u00e4dalas t\u00e4pselt samal n\u00e4dalap\u00e4eval sama seltskonnaga korda hoidmas. Garderoobi tuleb aegsasti kohale tulla.<\/p>\n<p><strong>PS: <\/strong><em>Homme, 3. septembril, on t\u00fcdrukutel kehalise kasvatuse asemel arstlik kontroll, seega \u00e4rge asju kaasa v\u00f5tke.<\/em><\/p>\n<p><strong>Neljap\u00e4ev 3. september<\/strong><br \/>\nEgelyn Braun<br \/>\nLiisa Ellermaa<br \/>\nAnastassia Gromova<br \/>\nM\u00e4rten Heinsalu<br \/>\nMarkus Holst<br \/>\nKarl Martin Kajak<br \/>\nJoosep S\u00f5najalg<br \/>\n<strong>Reede 4. september<\/strong><br \/>\nHeimar Kalpus<br \/>\nTriin Keller<br \/>\nTaavi Kirss<br \/>\nKadri K\u00e4ver<br \/>\nLiis L\u00f5hmus<br \/>\nMartin Meitern<br \/>\nKati Hensen<br \/>\n<strong>Esmasp\u00e4ev 7. september<\/strong><br \/>\nLiisi M\u00f5tsh\u00e4rg<br \/>\nKaspar M\u00e4rtens<br \/>\nAndreas N\u00f5lvak<br \/>\nErik Paemurru<br \/>\nJ\u00fcrgen Pallo<br \/>\nKati Pino<br \/>\nDoris Mark<br \/>\n<strong>Teisip\u00e4ev 8. september<\/strong><br \/>\nLiisi Reedo<br \/>\nMaarja-Liis Reilson<br \/>\nChris Reintal<br \/>\nKairit Rosenberg<br \/>\nK\u00e4di Liis Rosenberg<br \/>\nEdgar Tereping<br \/>\nRasmus Puur<\/p>\n<p><strong>Kolmap\u00e4ev 9. september<\/strong><br \/>\nTairi Tuulik<br \/>\nMaria-Liisa T\u00f5nissoo<br \/>\nPeeter T\u00e4hep\u00f5ld<br \/>\nPriit T\u00e4nav<br \/>\nHendrik Vaaks<br \/>\nHardi Vilt<br \/>\nElinor \u00d5unap<br \/>\n<strong>Neljap\u00e4ev 10. september<\/strong><br \/>\nEgelyn Braun<br \/>\nLiisa Ellermaa<br \/>\nAnastassia Gromova<br \/>\nM\u00e4rten Heinsalu<br \/>\nMarkus Holst<br \/>\nKarl Martin Kajak<br \/>\nJoosep S\u00f5najalg<\/p>\n<p><strong>Reede 11. september<\/strong><br \/>\nHeimar Kalpus<br \/>\nTriin Keller<br \/>\nTaavi Kirss<br \/>\nKadri K\u00e4ver<br \/>\nLiis L\u00f5hmus<br \/>\nMartin Meitern<br \/>\nKati Hensen<\/p>\n<p><strong>Esmasp\u00e4ev 14. september<\/strong><br \/>\nLiisi M\u00f5tsh\u00e4rg<br \/>\nKaspar M\u00e4rtens<br \/>\nAndreas N\u00f5lvak<br \/>\nErik Paemurru<br \/>\nJ\u00fcrgen Pallo<br \/>\nKati Pino<br \/>\nDoris Mark<br \/>\n<strong>Teisip\u00e4ev 15. september<\/strong><br \/>\nLiisi Reedo<br \/>\nMaarja-Liis Reilson<br \/>\nChris Reintal<br \/>\nKairit Rosenberg<br \/>\nK\u00e4di Liis Rosenberg<br \/>\nEdgar Tereping<br \/>\nRasmus Puur<br \/>\n<strong>Kolmap\u00e4ev 16. september<\/strong><br \/>\nTairi Tuulik<br \/>\nMaria-Liisa T\u00f5nissoo<br \/>\nPeeter T\u00e4hep\u00f5ld<br \/>\nPriit T\u00e4nav<br \/>\nHendrik Vaaks<br \/>\nHardi Vilt<br \/>\nElinor \u00d5unap<br \/>\n<strong>Neljap\u00e4ev 17. september<\/strong><br \/>\nEgelyn Braun<br \/>\nLiisa Ellermaa<br \/>\nAnastassia Gromova<br \/>\nM\u00e4rten Heinsalu<br \/>\nMarkus Holst<br \/>\nKarl Martin Kajak<br \/>\nJoosep S\u00f5najalg<br \/>\n<strong>Reede 18. september<\/strong><br \/>\nHeimar Kalpus<br \/>\nTriin Keller<br \/>\nTaavi Kirss<br \/>\nKadri K\u00e4ver<br \/>\nLiis L\u00f5hmus<br \/>\nMartin Meitern<br \/>\nKati Hensen<\/p>\n","protected":false},"excerpt":{"rendered":"<p>Seekord peame vaid kord aastas korrapidajad olema, seega olgem head&#8230; korrapidajad. J\u00e4rgnev ajakava on vaidlustatav, aga peate sellisel juhul endale ise asendaja\/vahetuse leidma. P\u00f5him\u00f5tteliselt on iga \u00f5pilane kord n\u00e4dalas t\u00e4pselt samal n\u00e4dalap\u00e4eval sama seltskonnaga korda hoidmas. Garderoobi tuleb aegsasti kohale tulla. PS: Homme, 3. septembril, on t\u00fcdrukutel kehalise kasvatuse asemel arstlik kontroll, seega \u00e4rge asju [&hellip;]<\/p>\n","protected":false},"author":1,"featured_media":0,"comment_status":"open","ping_status":"open","sticky":false,"template":"","format":"standard","meta":{"footnotes":""},"categories":[5],"tags":[],"class_list":["post-97","post","type-post","status-publish","format-standard","hentry","category-organiseerimine"],"_links":{"self":[{"href":"https:\/\/www.real.edu.ee\/ajaveeb\/125a\/wp-json\/wp\/v2\/posts\/97","targetHints":{"allow":["GET"]}}],"collection":[{"href":"https:\/\/www.real.edu.ee\/ajaveeb\/125a\/wp-json\/wp\/v2\/posts"}],"about":[{"href":"https:\/\/www.real.edu.ee\/ajaveeb\/125a\/wp-json\/wp\/v2\/types\/post"}],"author":[{"embeddable":true,"href":"https:\/\/www.real.edu.ee\/ajaveeb\/125a\/wp-json\/wp\/v2\/users\/1"}],"replies":[{"embeddable":true,"href":"https:\/\/www.real.edu.ee\/ajaveeb\/125a\/wp-json\/wp\/v2\/comments?post=97"}],"version-history":[{"count":0,"href":"https:\/\/www.real.edu.ee\/ajaveeb\/125a\/wp-json\/wp\/v2\/posts\/97\/revisions"}],"wp:attachment":[{"href":"https:\/\/www.real.edu.ee\/ajaveeb\/125a\/wp-json\/wp\/v2\/media?parent=97"}],"wp:term":[{"taxonomy":"category","embeddable":true,"href":"https:\/\/www.real.edu.ee\/ajaveeb\/125a\/wp-json\/wp\/v2\/categories?post=97"},{"taxonomy":"post_tag","embeddable":true,"href":"https:\/\/www.real.edu.ee\/ajaveeb\/125a\/wp-json\/wp\/v2\/tags?post=97"}],"curies":[{"name":"wp","href":"https:\/\/api.w.org\/{rel}","templated":true}]}}