{"id":93,"date":"2009-07-21T20:20:37","date_gmt":"2009-07-21T17:20:37","guid":{"rendered":"http:\/\/www.real.edu.ee\/~125a\/?p=93"},"modified":"2009-07-21T20:20:37","modified_gmt":"2009-07-21T17:20:37","slug":"rattamatk-vol-2","status":"publish","type":"post","link":"https:\/\/www.real.edu.ee\/ajaveeb\/125a\/2009\/07\/21\/rattamatk-vol-2\/","title":{"rendered":"Rattamatk vol 2!"},"content":{"rendered":"<p><font size=\"2\">Tere, s\u00f5brad!<\/p>\n<p>Ma loodan, et teie suvi on olnud seni suurep\u00e4rane ja karta on, et ainult paremaks l\u00e4heb, SEST varstivarsti on oodata 12a uut RATTAMATKA! Retk toimub siis seekord 3.-4. augustil ja sihtpaigaks on \u00c4ntu j\u00e4rved L\u00e4\u00e4ne-Virumaal ja seda korraldavad seekord Doris ja Martin. Infot selle koha kohta: <a href=\"https:\/\/kirjad.edu.ee\/exchweb\/bin\/redir.asp?URL=http:\/\/www.turismiweb.ee\/ee\/hike\/1534\/\">http:\/\/www.turismiweb.ee\/ee\/hike\/1534\/<\/a> . Loodame j\u00e4llegi ilusatele ilmadele, sest seal saab ka ujuda ja niisama p\u00e4ikest nautida. Niisiis. Kohale s\u00f5idaksime rongiga, t\u00f5en\u00e4oliselt on selleks 14:42 Tallinnast v\u00e4ljuv Tallinn-Tartu rong. Maha l\u00e4heme kas Tamsalus v\u00f5i Kiltsil, neist kohtadest on \u00c4ntu j\u00e4rvedele vastavalt 20 km ja 7 km. J\u00e4tame selle, kumb valida, iga\u00fche enda otsustada, aga mina arvan, et 20 km oleks siiski m\u00f5istlik rattamatk, 7 km jaoks ei ole erilist m\u00f5tet ratta kaasa v\u00f5tmisega vaeva n\u00e4ha;). Siiski on see hea v\u00f5imalus neile, kes j\u00e4rgmisel hommikul n\u00e4iteks ei jaksa pikemat maad l\u00e4bida.. Seekord on plaanis ka j\u00e4rgmisel p\u00e4eval ilusa ilma korral veidi pikemaks sinna suvitama j\u00e4\u00e4da ja alles \u00f5htul tagasi tulla, miks mitte suveilma ja head seltskonda nautida. Tagasi l\u00e4heb rong Kiltsilt nt 19:25, mis j\u00f5uab Tallinna 21:15. Kiltsilt (l\u00e4hem peatus) l\u00e4heb ronge v\u00e4hem, Tallinnast rohkem. Lisan siia ka rongide s\u00f5iduplaani, uurige: <a href=\"https:\/\/kirjad.edu.ee\/exchweb\/bin\/redir.asp?URL=http:\/\/www.edel.ee\/images\/uploads\/file\/S%25C3%25B5iduplaan%2520al%252031_05_2009%2520lepingu%2520lisa_Tln-Tartu.pdf\">http:\/\/www.edel.ee\/images\/uploads\/file\/S%C3%B5iduplaan%20al%2031_05_2009%20lepingu%20lisa_Tln-Tartu.pdf<\/a> .<\/p>\n<p>Niisiis ootame rohket ja aktiivset osav\u00f5ttu j\u00e4llegi, hetkel teame, et tulijad on: Doris, Martin, Maria-Liisa, Triin, Elinor, Kadri, Kairit, Hardi, Hendrik, Peeter, Heimar, Rasmus, Edgar, Karl, Egelyn, Joosep(?). Kui sind pole siin kirjas, siis on sul v\u00e4ga hea v\u00f5imalus meile n\u00fc\u00fcd oma osalusest teada anda! Jee!<\/p>\n<p>Tahaks veel \u00f6elda, et need, kes k\u00e4isid eelmine kord, teavad k\u00f5ik, mis neil matkal puudu j\u00e4i (rattakumm, kuivad sokid, jope jne) niiet saame k\u00f5ik seekord targemad olla ja retk l\u00e4heb veelgi sujuvamalt. Ka neile, kes ei k\u00e4inud eelmisel korral, panen s\u00fcdamele, et PALUN KONTROLLIGE OMA RATTA SEISUKORDA ja s\u00f5itke sellega enne veidi, kui tulete.<\/p>\n<p>Igatahes, ILUSAT ILMA ja PALJU ETTEPANEKUID JA K\u00dcSIMUSI!<br \/>\nOlge tublid!<\/font><\/p>\n","protected":false},"excerpt":{"rendered":"<p>Tere, s\u00f5brad! Ma loodan, et teie suvi on olnud seni suurep\u00e4rane ja karta on, et ainult paremaks l\u00e4heb, SEST varstivarsti on oodata 12a uut RATTAMATKA! Retk toimub siis seekord 3.-4. augustil ja sihtpaigaks on \u00c4ntu j\u00e4rved L\u00e4\u00e4ne-Virumaal ja seda korraldavad seekord Doris ja Martin. Infot selle koha kohta: http:\/\/www.turismiweb.ee\/ee\/hike\/1534\/ . Loodame j\u00e4llegi ilusatele ilmadele, sest [&hellip;]<\/p>\n","protected":false},"author":1,"featured_media":0,"comment_status":"open","ping_status":"open","sticky":false,"template":"","format":"standard","meta":{"footnotes":""},"categories":[4],"tags":[],"class_list":["post-93","post","type-post","status-publish","format-standard","hentry","category-meie-memuaarid"],"_links":{"self":[{"href":"https:\/\/www.real.edu.ee\/ajaveeb\/125a\/wp-json\/wp\/v2\/posts\/93","targetHints":{"allow":["GET"]}}],"collection":[{"href":"https:\/\/www.real.edu.ee\/ajaveeb\/125a\/wp-json\/wp\/v2\/posts"}],"about":[{"href":"https:\/\/www.real.edu.ee\/ajaveeb\/125a\/wp-json\/wp\/v2\/types\/post"}],"author":[{"embeddable":true,"href":"https:\/\/www.real.edu.ee\/ajaveeb\/125a\/wp-json\/wp\/v2\/users\/1"}],"replies":[{"embeddable":true,"href":"https:\/\/www.real.edu.ee\/ajaveeb\/125a\/wp-json\/wp\/v2\/comments?post=93"}],"version-history":[{"count":0,"href":"https:\/\/www.real.edu.ee\/ajaveeb\/125a\/wp-json\/wp\/v2\/posts\/93\/revisions"}],"wp:attachment":[{"href":"https:\/\/www.real.edu.ee\/ajaveeb\/125a\/wp-json\/wp\/v2\/media?parent=93"}],"wp:term":[{"taxonomy":"category","embeddable":true,"href":"https:\/\/www.real.edu.ee\/ajaveeb\/125a\/wp-json\/wp\/v2\/categories?post=93"},{"taxonomy":"post_tag","embeddable":true,"href":"https:\/\/www.real.edu.ee\/ajaveeb\/125a\/wp-json\/wp\/v2\/tags?post=93"}],"curies":[{"name":"wp","href":"https:\/\/api.w.org\/{rel}","templated":true}]}}