{"id":8,"date":"2007-08-24T16:50:44","date_gmt":"2007-08-24T14:50:44","guid":{"rendered":"http:\/\/www.real.edu.ee\/~klass10a\/wordpress\/?p=6"},"modified":"2007-08-24T16:50:44","modified_gmt":"2007-08-24T14:50:44","slug":"esimene-september","status":"publish","type":"post","link":"https:\/\/www.real.edu.ee\/ajaveeb\/125a\/2007\/08\/24\/esimene-september\/","title":{"rendered":"Reaalkooli 125. lennu v\u00e4ljas\u00f5it"},"content":{"rendered":"<p>\u00dchel suvisel augustihommikul l\u00e4ksime peaaegu terve lennuga \u00fchte m\u00f5nusat suvep\u00e4eva veetma. Lisaks lubatud tegevustele &#8211; v\u00f5istlused, matk, s\u00f6\u00f6mine &#8211; oli meil piisavalt aega, et \u00fcksteisega l\u00e4hemalt tutvuda. Selleks olid \u00f5petajad v\u00e4lja m\u00f5elnud erinevaid m\u00e4nge. \u00dcks neist seisnes selles, et kolmestele gruppidele jagati k\u00fcsimusteleht ning neile k\u00fcsimustele pidid nad klassist vastuseid leidma. Saime teada, et klassis k\u00e4ib 37 inimest, millest suurem osa oli ka tol p\u00e4eval kohal. J\u00e4rgnevad andmed on v\u00e4ljas\u00f5idul viibinud inimeste kohta.<\/p>\n<p><em>1. Kui palju on teistest koolidest tulnud \u00f5pilasi? Kes ja millisest?<\/em><br \/>\nKohalolijatest 15 \u00f5pilast:<br \/>\nElinor &#8211; P\u00e4rnu Koidula G\u00fcmnaasium<br \/>\nAnastassia &#8211; Tallinna Muusikakeskkool<br \/>\nDoris &#8211; Kuusalu Keskkool<br \/>\nMaria-Liisa &#8211; Kehtna P\u00f5hikool<br \/>\nLiisi &#8211; Kiili G\u00fcmnaasium<br \/>\nTriin &#8211; Rocca al Mare Kool<br \/>\nEgelyn &#8211; Tallinna Inglise Kolledz<br \/>\nHeimar &#8211; Tallinna Inglise Kolledz<br \/>\nKati H &#8211; Aruk\u00fcla P\u00f5hikool<br \/>\nPriit &#8211; Tallinna N\u00f5mme P\u00f5hikool<br \/>\nEdgar &#8211; Audentese Tallinna Erakool<br \/>\nKati P &#8211; Tallinna Lillek\u00fcla G\u00fcmnaasium<br \/>\nAndreas &#8211; Tallinna \u00d5ism\u00e4e Humanitaarg\u00fcmnaasium<br \/>\nKaspar &#8211; Tallinna Mustam\u00e4e G\u00fcmnaasium<\/p>\n<p><strong>Autor: Taavi Kirss<\/strong><br \/>\n&#8220;Oh sa juudas&#8230;&#8221; &#8211; see oli minu esimene m\u00f5te, kui meid oli kenasti Kloogale karjatatud. Veel kuumast suvest toibuvana oli mulle \u00fcle m\u00f5istuse n\u00e4ha pea kogu lendu rongist v\u00e4lja valgumas. Nii palju uusi n\u00e4gusid, veel v\u00f5\u00f5rad. Ent r\u00e4nnak j\u00e4rve \u00e4\u00e4rde vallandas meie h\u00e4\u00e4lepealad, siin-seal hakkas kostuma lugusid m\u00f6\u00f6dunud aastatest Reaalis. Isegi sain m\u00f5ne looga maha. Valdavalt positiivsed jutud j\u00e4tsid uuematele hea mulje meie koolist&#8230;vist. Naersid nad k\u00fcll. Ega nemadki halvemad olnud, veidi julgust kogunud, r\u00e4\u00e4kisid nemadki m\u00f5nest &#8220;toredamast&#8221; \u00f5petajast.<\/p>\n<p>Eks see kooliteema suve viimastel p\u00e4evadel \u00fcksjagu masendav oli, paar pidu veel enne s\u00fcgist vaja pidada. Siiski, siiski, see s\u00fcgis tuleb veidi teistsugune, pidudele ja koolipinki ilmuvad uued n\u00e4od, kes esialgu on v\u00e4ga positiivse mulje suutnud endast j\u00e4tta. Olge tublid, sest j\u00e4rgnevat kolme aastat te ei unusta.<\/p>\n<p><strong>Autor: Elinor \u00d5unap<\/strong><br \/>\nP\u00e4ev, mil ma kohtusin oma uute koolikaaslastega, oli 24. august. S\u00f5itsime k\u00f5igi kolme klassiga Klooga randa ning retke eesm\u00e4rgiks oli meid k\u00f5iki omavahel tuttavaks teha, et esimesel koolip\u00e4eval ei oleks nii hirmu\u00e4ratav kooli tulla, eriti just neile, kes olid p\u00e4rit teisest koolist, nagu seda olen ka mina. Kui ma v\u00f5tsin vastu otsuse tulla Tallinnasse elama ja asuda \u00f5ppima Tallinna Reaalkoolis, siis m\u00f5te uuest keskkonnast ja uutest koolikaaslastest algul hirmutas mind, kuna ma ei kujutanud ette, millised mu uued koolikaaslased v\u00f5iksid olla. Kuid n\u00fc\u00fcd, p\u00e4rast nendega kohtumist, sain ma aru, et klassi, kus ma n\u00fc\u00fcdsest \u00f5ppima hakkan, tulevad v\u00e4ga toredad ja huvitavad inimesed. Seega ootan p\u00f5nevusega esimest koolip\u00e4eva ja loodan l\u00e4hemalt tundma \u00f5ppida oma klassi- ja koolikaaslasi.<\/p>\n<p><em>Tutvumine Kloogal<\/em><br \/>\n<strong>Autor: Liisi M\u00f5tsh\u00e4rg<\/strong><\/p>\n<table>\n<tr>\n<td>Rongis\u00f5it l\u00e4ks lahti hooga,<br \/>\nees ootamas meid oli Klooga.<br \/>\nMeid kokku oli ligi sada,<br \/>\nkuid me ei teadnud \u00f5iget rada.<br \/>\nNii ekslesime \u00f5ige kaua,<br \/>\nilm oli kuum ja higi laubal.<br \/>\nKuid l\u00f5puks siiski koht n\u00e4is hea,<br \/>\nmeid seati rivvi \u00f5ige pea.<\/td>\n<td width=\"10\">&nbsp;<\/td>\n<td>N\u00fc\u00fcd kuulsime me koolikorrast<br \/>\nja vilistlastest &#8211; paar neist Norras,<br \/>\nja koolivaimust, mis on \u00e4ge<br \/>\nja \u00f5pilastest, kes t\u00e4is v\u00e4ge.<br \/>\nSiis s\u00f6\u00f6deti meil k\u00f5hud t\u00e4is<br \/>\nja kooli juhtkond kohal k\u00e4is.<br \/>\nSee oli lahe suvep\u00e4ev,<br \/>\neks koolis j\u00e4lle \u00fcksteist n\u00e4e.<\/td>\n<\/tr>\n<\/table>\n","protected":false},"excerpt":{"rendered":"<p>\u00dchel suvisel augustihommikul l\u00e4ksime peaaegu terve lennuga \u00fchte m\u00f5nusat suvep\u00e4eva veetma. Lisaks lubatud tegevustele &#8211; v\u00f5istlused, matk, s\u00f6\u00f6mine &#8211; oli meil piisavalt aega, et \u00fcksteisega l\u00e4hemalt tutvuda. Selleks olid \u00f5petajad v\u00e4lja m\u00f5elnud erinevaid m\u00e4nge. \u00dcks neist seisnes selles, et kolmestele gruppidele jagati k\u00fcsimusteleht ning neile k\u00fcsimustele pidid nad klassist vastuseid leidma. Saime teada, et klassis [&hellip;]<\/p>\n","protected":false},"author":1,"featured_media":0,"comment_status":"open","ping_status":"open","sticky":false,"template":"","format":"standard","meta":{"footnotes":""},"categories":[4,7],"tags":[12,16],"class_list":["post-8","post","type-post","status-publish","format-standard","hentry","category-meie-memuaarid","category-uritused","tag-jutud","tag-luuletused"],"_links":{"self":[{"href":"https:\/\/www.real.edu.ee\/ajaveeb\/125a\/wp-json\/wp\/v2\/posts\/8","targetHints":{"allow":["GET"]}}],"collection":[{"href":"https:\/\/www.real.edu.ee\/ajaveeb\/125a\/wp-json\/wp\/v2\/posts"}],"about":[{"href":"https:\/\/www.real.edu.ee\/ajaveeb\/125a\/wp-json\/wp\/v2\/types\/post"}],"author":[{"embeddable":true,"href":"https:\/\/www.real.edu.ee\/ajaveeb\/125a\/wp-json\/wp\/v2\/users\/1"}],"replies":[{"embeddable":true,"href":"https:\/\/www.real.edu.ee\/ajaveeb\/125a\/wp-json\/wp\/v2\/comments?post=8"}],"version-history":[{"count":0,"href":"https:\/\/www.real.edu.ee\/ajaveeb\/125a\/wp-json\/wp\/v2\/posts\/8\/revisions"}],"wp:attachment":[{"href":"https:\/\/www.real.edu.ee\/ajaveeb\/125a\/wp-json\/wp\/v2\/media?parent=8"}],"wp:term":[{"taxonomy":"category","embeddable":true,"href":"https:\/\/www.real.edu.ee\/ajaveeb\/125a\/wp-json\/wp\/v2\/categories?post=8"},{"taxonomy":"post_tag","embeddable":true,"href":"https:\/\/www.real.edu.ee\/ajaveeb\/125a\/wp-json\/wp\/v2\/tags?post=8"}],"curies":[{"name":"wp","href":"https:\/\/api.w.org\/{rel}","templated":true}]}}