{"id":69,"date":"2008-12-07T00:04:18","date_gmt":"2008-12-06T21:04:18","guid":{"rendered":"http:\/\/www.real.edu.ee\/~125a\/?p=69"},"modified":"2008-12-07T00:04:18","modified_gmt":"2008-12-06T21:04:18","slug":"vaitlema","status":"publish","type":"post","link":"https:\/\/www.real.edu.ee\/ajaveeb\/125a\/2008\/12\/07\/vaitlema\/","title":{"rendered":"V\u00c4ITLEMA"},"content":{"rendered":"<p>Jou kallid klassikaaslased.<\/p>\n<p>Tallinna Reaalkooli v\u00e4itlusklubi asub uuesti t\u00f6\u00f6le (kui just maailmal\u00f5pp ei tule v\u00f5i mingi muu m\u00e4rkimisv\u00e4\u00e4rne katastroof ei juhtu). <strike>Kui sind huvitab, millega tegu on, siis tule vaatama meie n\u00e4idisv\u00e4itlust. See toimub kolmap\u00e4eval kell 15.45 ruumis 303<\/strike>. <strike><strong>N\u00e4idisv\u00e4itluse aeg l\u00fckkub teadmata ajaks edasi<\/strong>.<\/strike> <strong>Segadust kui palju. Siiski siiski ilmselt toimub see kolmap\u00e4eval. Vabandan arusaamatuste p\u00e4rast<\/strong>. V\u00f5ta kaasa ka k\u00f5ik oma s\u00f5brad, kes ei k\u00e4i meie koolis aga oleks asjast kindlasti huvitatud. Oodatud on k\u00f5ik. N\u00e4idisv\u00e4itluse teema: &#8220;Valitsused peaksid pidama terroristidega l\u00e4bir\u00e4\u00e4kimisi&#8221;.<\/p>\n<p>Tulge k\u00f5ik kindlasti kohale!<\/p>\n<p>Martin<\/p>\n","protected":false},"excerpt":{"rendered":"<p>Jou kallid klassikaaslased. Tallinna Reaalkooli v\u00e4itlusklubi asub uuesti t\u00f6\u00f6le (kui just maailmal\u00f5pp ei tule v\u00f5i mingi muu m\u00e4rkimisv\u00e4\u00e4rne katastroof ei juhtu). Kui sind huvitab, millega tegu on, siis tule vaatama meie n\u00e4idisv\u00e4itlust. See toimub kolmap\u00e4eval kell 15.45 ruumis 303. N\u00e4idisv\u00e4itluse aeg l\u00fckkub teadmata ajaks edasi. Segadust kui palju. Siiski siiski ilmselt toimub see kolmap\u00e4eval. Vabandan [&hellip;]<\/p>\n","protected":false},"author":1,"featured_media":0,"comment_status":"open","ping_status":"open","sticky":false,"template":"","format":"standard","meta":{"footnotes":""},"categories":[4],"tags":[],"class_list":["post-69","post","type-post","status-publish","format-standard","hentry","category-meie-memuaarid"],"_links":{"self":[{"href":"https:\/\/www.real.edu.ee\/ajaveeb\/125a\/wp-json\/wp\/v2\/posts\/69","targetHints":{"allow":["GET"]}}],"collection":[{"href":"https:\/\/www.real.edu.ee\/ajaveeb\/125a\/wp-json\/wp\/v2\/posts"}],"about":[{"href":"https:\/\/www.real.edu.ee\/ajaveeb\/125a\/wp-json\/wp\/v2\/types\/post"}],"author":[{"embeddable":true,"href":"https:\/\/www.real.edu.ee\/ajaveeb\/125a\/wp-json\/wp\/v2\/users\/1"}],"replies":[{"embeddable":true,"href":"https:\/\/www.real.edu.ee\/ajaveeb\/125a\/wp-json\/wp\/v2\/comments?post=69"}],"version-history":[{"count":0,"href":"https:\/\/www.real.edu.ee\/ajaveeb\/125a\/wp-json\/wp\/v2\/posts\/69\/revisions"}],"wp:attachment":[{"href":"https:\/\/www.real.edu.ee\/ajaveeb\/125a\/wp-json\/wp\/v2\/media?parent=69"}],"wp:term":[{"taxonomy":"category","embeddable":true,"href":"https:\/\/www.real.edu.ee\/ajaveeb\/125a\/wp-json\/wp\/v2\/categories?post=69"},{"taxonomy":"post_tag","embeddable":true,"href":"https:\/\/www.real.edu.ee\/ajaveeb\/125a\/wp-json\/wp\/v2\/tags?post=69"}],"curies":[{"name":"wp","href":"https:\/\/api.w.org\/{rel}","templated":true}]}}