{"id":21,"date":"2007-12-28T02:24:14","date_gmt":"2007-12-28T00:24:14","guid":{"rendered":"http:\/\/www.real.edu.ee\/~klass10a\/wordpress\/?p=19"},"modified":"2007-12-28T02:24:14","modified_gmt":"2007-12-28T00:24:14","slug":"kokkuvote-esimesest-poolaastast","status":"publish","type":"post","link":"https:\/\/www.real.edu.ee\/ajaveeb\/125a\/2007\/12\/28\/kokkuvote-esimesest-poolaastast\/","title":{"rendered":"Kokkuv\u00f5te esimesest poolaastast"},"content":{"rendered":"<p>M\u00f6\u00f6dunud on juba pool \u00f5ppeaastat. Selle \u00fc\u00fcratult pika aja jooksul oleme koos palju l\u00e4bi elanud. M\u00e4rkamatult on meist saanud t\u00f5eliselt kokkuhoidev ja l\u00f5bus klass. On r\u00f5\u00f5m tulla hommiku kooli, kui kamp v\u00e4sinud, ent r\u00f5\u00f5msaid, s\u00f5pru seal ees ootab. Silma oleme paistnud eelk\u00f5ige oma aktiivse klassielu ja organiseerimisega \u2013 alati leidub toredaid inimesi, kes on n\u00f5us midagi korraldama v\u00f5i m\u00f5ne koorma enda peale v\u00f5tma. N\u00f5nda on meil ette n\u00e4idata paras ports ettev\u00f5tmisi, mille oleme edukalt l\u00e4bi viinud, alates v\u00e4ljas\u00f5idust Tammj\u00e4rvele, l\u00f5petades kabeturniiride ja arvukate \u00fcritustega seflusklassi jaoks. Sirvides meie \u00fcleskirjutisi augusti l\u00f5pust lennu v\u00e4ljas\u00f5idult, on lausa naljakas m\u00f5elda, kuidas tollal \u00fcksteist nii v\u00e4he tundes oskasime juba parajalt t\u00e4pselt hinnata oma tuleviku \u00fchtse klassina. \u00d5pilasi tuli nii teistest koolidest, kui ka Reaalkoolist. Esimesel veerandil oli meie koosseisus ka muudatusi \u2013 lahkus Tiiu ja asemele tuli legendaarne Markus Holst. Hindan seda, et k\u00f5ik need erinevused, mis meil klassisiseselt on, ainult rikastavad meid. Meil on nii naljahambaid, geeniuseid, kohusetundlikke konspektimeistreid kui ka painduvaid tantsijaid. R\u00f5\u00f5msameelne Anastassia v\u00f5ib lausa vene keele tunni ajal meile \u00fche spagaadi visata! Detsembri l\u00f5pus toimunud klassi\u00f5htul jagasime Oskareid, mis on suuresti meie suhtumise s\u00fcmboliks. Algul k\u00f5las see lausa hirmutavalt, ent n\u00fc\u00fcd v\u00f5ime k\u00f5ik \u00fchest suust kinnitada, et <em>meil on alati laetud p\u00fcssid \u00f5lal ja viiulid h\u00e4\u00e4lestatud!<\/em><strong> <\/strong>Just nii k\u00f5labki meie klassi moto, mille armas klassijuhataja Erika Vatsel meile esimesel septembril ette kandis. Oleme tohutult t\u00e4nulikud, et meile sattus niiv\u00f5rd aktiivne, tubli ja kohusetundlik klassijuhataja nagu seda on meie Erika. Alati on keegi, kes v\u00f5ib meid lohutada v\u00f5i vastupidiselt meid tagant torkida, kui tahtej\u00f5ust vajaka j\u00e4\u00e4b. Pole kahtlustki, et selline suhtumine ja \u00fcldine hoiak kasvatab meist tublid noored. Igal \u00f5pilasel on oma erip\u00e4ra, mist\u00f5ttu oleme \u00fcks parajalt kirev seltskond. Klassisiseselt on moodustunud grupid \u2013 iga\u00fcks on leidnud endale v\u00e4hemalt \u00fche toreda inimese, kellega koolip\u00e4eva jooksul nalja visata. S\u00f5brannad ja s\u00f5brad on \u00fcksteist leidnud, ent pole kahtlustki, et aastate jooksul v\u00f5ib nii m\u00f5ndagi muutuda \u2013 v\u00e4hemalt esialgsed raamid on paika pandud. Vahetundide ajal v\u00f5ib olla enam kui kindel, et n\u00e4ete kuskil nurgas kihistamas Dorist ja Maria-Liisat. Mainimata ei saa ka j\u00e4tta teatud h\u00e4rrade jaoks eluliselt olulist kirge &#8211; pokkerit. See on t\u00f5eliselt tore, et kaardim\u00e4ng suudab lahutamatuteks semudeks teha nii erinevad inimesed. M\u00e4ngitakse nii koolis kui ka vabal ajal \u00fcheskoos. Tiimit\u00f6\u00f6 on ka \u00f5ppimisel oluline \u2013 alati leidub keegi, kes on n\u00f5us keemia t\u00f6\u00f6vihikut loovutama, \u00f6koloogia hinde \u00fcle \u00fcksmeelselt nurisema, f\u00fc\u00fcsika tunni ajal padja funktsiooni t\u00e4itma v\u00f5i s\u00f6\u00f6klarivis oma s\u00f6\u00f6gikaardi leti alt l\u00e4bi libistama. Oleme eranditult l\u00f5busad ja m\u00f5nusad inimesed, kellel on k\u00f5igil \u00fchtne eesm\u00e4rk teha koolip\u00e4ev v\u00f5imalikult produktiivseks. Kahtlemata muutume aja jooksul veelgi \u00fchtsemaks ja kokkuhoidvamaks, kuna oleme s\u00f5napidajad, usinad, viisakad ja abivalmid. Soovin edu tuleval poolaastal ja hoidkem oma viiulid h\u00e4\u00e4lestatud!<\/p>\n","protected":false},"excerpt":{"rendered":"<p>M\u00f6\u00f6dunud on juba pool \u00f5ppeaastat. Selle \u00fc\u00fcratult pika aja jooksul oleme koos palju l\u00e4bi elanud. M\u00e4rkamatult on meist saanud t\u00f5eliselt kokkuhoidev ja l\u00f5bus klass. On r\u00f5\u00f5m tulla hommiku kooli, kui kamp v\u00e4sinud, ent r\u00f5\u00f5msaid, s\u00f5pru seal ees ootab. Silma oleme paistnud eelk\u00f5ige oma aktiivse klassielu ja organiseerimisega \u2013 alati leidub toredaid inimesi, kes on n\u00f5us [&hellip;]<\/p>\n","protected":false},"author":1,"featured_media":0,"comment_status":"open","ping_status":"open","sticky":false,"template":"","format":"standard","meta":{"footnotes":""},"categories":[4],"tags":[12],"class_list":["post-21","post","type-post","status-publish","format-standard","hentry","category-meie-memuaarid","tag-jutud"],"_links":{"self":[{"href":"https:\/\/www.real.edu.ee\/ajaveeb\/125a\/wp-json\/wp\/v2\/posts\/21","targetHints":{"allow":["GET"]}}],"collection":[{"href":"https:\/\/www.real.edu.ee\/ajaveeb\/125a\/wp-json\/wp\/v2\/posts"}],"about":[{"href":"https:\/\/www.real.edu.ee\/ajaveeb\/125a\/wp-json\/wp\/v2\/types\/post"}],"author":[{"embeddable":true,"href":"https:\/\/www.real.edu.ee\/ajaveeb\/125a\/wp-json\/wp\/v2\/users\/1"}],"replies":[{"embeddable":true,"href":"https:\/\/www.real.edu.ee\/ajaveeb\/125a\/wp-json\/wp\/v2\/comments?post=21"}],"version-history":[{"count":0,"href":"https:\/\/www.real.edu.ee\/ajaveeb\/125a\/wp-json\/wp\/v2\/posts\/21\/revisions"}],"wp:attachment":[{"href":"https:\/\/www.real.edu.ee\/ajaveeb\/125a\/wp-json\/wp\/v2\/media?parent=21"}],"wp:term":[{"taxonomy":"category","embeddable":true,"href":"https:\/\/www.real.edu.ee\/ajaveeb\/125a\/wp-json\/wp\/v2\/categories?post=21"},{"taxonomy":"post_tag","embeddable":true,"href":"https:\/\/www.real.edu.ee\/ajaveeb\/125a\/wp-json\/wp\/v2\/tags?post=21"}],"curies":[{"name":"wp","href":"https:\/\/api.w.org\/{rel}","templated":true}]}}